{"id":223997,"date":"2022-07-06T15:36:45","date_gmt":"2022-07-06T13:36:45","guid":{"rendered":"https:\/\/www.cronacaonline.it\/?p=223997"},"modified":"2022-07-06T15:36:48","modified_gmt":"2022-07-06T13:36:48","slug":"imprenditori-e-mediterraneo-lassessore-fasolino-regione-vicina-ai-giovani-e-pronta-a-sostenere-le-nuove-imprese","status":"publish","type":"post","link":"https:\/\/www.cronacaonline.it\/index.php\/2022\/07\/06\/imprenditori-e-mediterraneo-lassessore-fasolino-regione-vicina-ai-giovani-e-pronta-a-sostenere-le-nuove-imprese\/","title":{"rendered":"\u2018Imprenditori e mediterraneo\u2019, l\u2019assessore Fasolino: \u201cRegione vicina ai giovani e pronta a sostenere le nuove imprese\u201d."},"content":{"rendered":"\n<p>Cagliari, 6 Lug 2022 \u2013\u00a0\u201cIl nostro obiettivo \u00e8 dare ai giovani l\u2019opportunit\u00e0 di poter realizzare i progetti perch\u00e9 quello \u00e8 il modo migliore per investire le risorse che abbiamo a disposizione\u201d. Lo ha detto l\u2019Assessore della Programmazione e del Bilancio, Giuseppe Fasolino, nel corso della conferenza \"Imprenditori del Mediterraneo\u201d, promossa nell\u2019ambito del progetto MEDSt@rts, strumento dell\u2019Unione Europea per la cooperazione transfrontaliera nel bacino del Mediterraneo, che coinvolge partner provenienti da Italia, Grecia, Tunisia, Libano e Palestina. L\u2019Assessore Fasolino, prendendo in esame i risultati del progetto, ha evidenziato l\u2019azione della Regione nel mettere a disposizione risorse e strumenti finanziari per andare incontro alle aziende gravate prima dalla crisi e ora dal costo dell\u2019energia e per facilitare la ripresa continuando a investire nella competitivit\u00e0 del sistema produttivo anche attraverso la creazione di nuove imprese e il sostegno a progetti come MEDSt@rts. L\u2019esponente della Giunta sarda ha quindi ricordato il Fondo emergenza imprese, con cui sono stati erogati 150 milioni, e le novit\u00e0 introdotte con la Manovra per sostenere le nuove attivit\u00e0 economiche nei paesi sotto i 3mila abitanti (contributi a fondo perduto).<\/p>\n\n\n\n<p>Guardando, nello specifico, ai risultati del progetto che ha avuto il merito di sostenere la creazione di nuove opportunit\u00e0 economiche e professionali, l\u2019Assessore Fasolino ha definito \u201cdeterminante il ruolo della Regione&nbsp;per incentivare le nuove imprese che non potevano essere finanziate dal circuito bancario dando ai giovani l'opportunit\u00e0 di creare delle start up per una cooperazione all'interno dei Paesi del Mediterraneo. Abbiamo scelto di essere partner di un progetto di assoluto valore \u2013 ha spiegato - che ha avuto il merito di favorire e sostenere la capacit\u00e0 di fare impresa. La cooperazione all'interno del Mediterraneo \u00e8 fondamentale \u2013 ha proseguito l\u2019Assessore - anche in relazione a quello che sta succedendo a livello internazionale per le novit\u00e0 geopolitiche. Il ruolo del Mediterraneo potr\u00e0 essere centrale e quindi questa cooperazione potr\u00e0 essere determinante anche per il futuro delle nostre piccole imprese\u201d.<\/p>\n\n\n\n<p>E proprio rispetto alle peculiarit\u00e0 della Sardegna, ha sottolineato l\u2019assessore, che \u201cil territorio sardo \u00e8 senza dubbio un luogo adatto per realizzare progetti imprenditoriali. Non a caso, come Giunta regionale, siamo impegnati a migliorare e accrescere l\u2019appeal della nostra Isola per renderla sempre pi\u00f9 capace di attrarre investimenti, anche di carattere internazionale. La Sardegna ha le caratteristiche giuste per ambire a essere protagonista del futuro\u201d, ha concluso l\u2019Assessore. Com<\/p>\n","protected":false},"excerpt":{"rendered":"<p>Cagliari, 6 Lug 2022 \u2013\u00a0\u201cIl nostro obiettivo \u00e8 dare ai giovani l\u2019opportunit\u00e0 di poter realizzare i progetti perch\u00e9 quello \u00e8 il modo migliore per investire&#8230;<\/p>\n","protected":false},"author":2,"featured_media":223999,"comment_status":"closed","ping_status":"open","sticky":false,"template":"","format":"standard","meta":[],"categories":[49,52],"tags":[],"_links":{"self":[{"href":"https:\/\/www.cronacaonline.it\/index.php\/wp-json\/wp\/v2\/posts\/223997"}],"collection":[{"href":"https:\/\/www.cronacaonline.it\/index.php\/wp-json\/wp\/v2\/posts"}],"about":[{"href":"https:\/\/www.cronacaonline.it\/index.php\/wp-json\/wp\/v2\/types\/post"}],"author":[{"embeddable":true,"href":"https:\/\/www.cronacaonline.it\/index.php\/wp-json\/wp\/v2\/users\/2"}],"replies":[{"embeddable":true,"href":"https:\/\/www.cronacaonline.it\/index.php\/wp-json\/wp\/v2\/comments?post=223997"}],"version-history":[{"count":1,"href":"https:\/\/www.cronacaonline.it\/index.php\/wp-json\/wp\/v2\/posts\/223997\/revisions"}],"predecessor-version":[{"id":224000,"href":"https:\/\/www.cronacaonline.it\/index.php\/wp-json\/wp\/v2\/posts\/223997\/revisions\/224000"}],"wp:featuredmedia":[{"embeddable":true,"href":"https:\/\/www.cronacaonline.it\/index.php\/wp-json\/wp\/v2\/media\/223999"}],"wp:attachment":[{"href":"https:\/\/www.cronacaonline.it\/index.php\/wp-json\/wp\/v2\/media?parent=223997"}],"wp:term":[{"taxonomy":"category","embeddable":true,"href":"https:\/\/www.cronacaonline.it\/index.php\/wp-json\/wp\/v2\/categories?post=223997"},{"taxonomy":"post_tag","embeddable":true,"href":"https:\/\/www.cronacaonline.it\/index.php\/wp-json\/wp\/v2\/tags?post=223997"}],"curies":[{"name":"wp","href":"https:\/\/api.w.org\/{rel}","templated":true}]}}