{"id":223979,"date":"2022-07-06T05:41:48","date_gmt":"2022-07-06T03:41:48","guid":{"rendered":"https:\/\/www.cronacaonline.it\/?p=223979"},"modified":"2022-07-06T05:41:51","modified_gmt":"2022-07-06T03:41:51","slug":"la-regione-presentera-ricorso-contro-il-decreto-energia-per-tutelare-il-diritto-dei-sardi-ad-una-soluzione-strutturale-del-problema-energetico","status":"publish","type":"post","link":"https:\/\/www.cronacaonline.it\/index.php\/2022\/07\/06\/la-regione-presentera-ricorso-contro-il-decreto-energia-per-tutelare-il-diritto-dei-sardi-ad-una-soluzione-strutturale-del-problema-energetico\/","title":{"rendered":"La regione presenter\u00e0 ricorso contro il decreto energia per tutelare il diritto dei sardi ad una soluzione strutturale del problema energetico."},"content":{"rendered":"\n<p>Cagliari,\u00a06 Lug 2022\u00a0\u2013 La Regione da ieri sta predisponendo il ricorso contro il \u2018Decreto Energia\u2019, che presenter\u00e0 formalmente nei prossimi giorni. L'obiettivo \u00e8 quello di tutelare i diritti dei sardi ad avere una soluzione definitiva e strutturale al problema energetico, tale da poter garantire un futuro adeguato al territorio e al sistema produttivo.<br>\"La Regione Sardegna ha avuto un ruolo decisivo sul tema energetico all\u2019interno della Commissione Energia nell\u2019ambito della Conferenza Stato-Regioni \u2013 ha sottolineato l\u2019assessore regionale dell\u2019Industria, Anita Pili, coordinatrice della Commissione nazionale, in risposta ad alcune polemiche sollevate dall\u2019opposizione durante il dibattito \u2013 Abbiamo guidato la Commissione ad esprimere i pareri su tutti i decreti energia, evidenziando in particolare la posizione di contrariet\u00e0, espressa da tutte le Regioni, al metodo che il Governo nazionale ha utilizzato per implementare le rinnovabili e per rispondere all\u2019emergenza energetica nel territorio nazionale\u201d.<br>\u201cIl Governo non pu\u00f2 accantonare la leale collaborazione istituzionale, non pu\u00f2 venir meno ai principi che sono sanciti dalla Carta costituzionale e non pu\u00f2 dimenticare che la materia energetica \u00e8 una materia concorrente \u2013 ha aggiunto l\u2019assessore Pili \u2013 La Regione vuole rivendicare i suoi diritti con forza in tutti i tavoli\u201d.<br>\u201cE\u2019 innegabile che la Sardegna sia stata protagonista in tutte le occasioni in cui \u00e8 stato necessario rivendicare la propria autonomia, i propri diritti e lo ha fatto in maniera concreta\u201d, ha aggiunto l\u2019assessore regionale della Difesa dell\u2019ambiente, Gianni Lampis, coordinatore della Commissione Ambiente nell\u2019ambito della Conferenza Stato-Regioni. Com<\/p>\n","protected":false},"excerpt":{"rendered":"<p>Cagliari,\u00a06 Lug 2022\u00a0\u2013 La Regione da ieri sta predisponendo il ricorso contro il \u2018Decreto Energia\u2019, che presenter\u00e0 formalmente nei prossimi giorni. L&#8217;obiettivo \u00e8 quello di&#8230;<\/p>\n","protected":false},"author":2,"featured_media":222200,"comment_status":"closed","ping_status":"open","sticky":false,"template":"","format":"standard","meta":[],"categories":[49,52],"tags":[],"_links":{"self":[{"href":"https:\/\/www.cronacaonline.it\/index.php\/wp-json\/wp\/v2\/posts\/223979"}],"collection":[{"href":"https:\/\/www.cronacaonline.it\/index.php\/wp-json\/wp\/v2\/posts"}],"about":[{"href":"https:\/\/www.cronacaonline.it\/index.php\/wp-json\/wp\/v2\/types\/post"}],"author":[{"embeddable":true,"href":"https:\/\/www.cronacaonline.it\/index.php\/wp-json\/wp\/v2\/users\/2"}],"replies":[{"embeddable":true,"href":"https:\/\/www.cronacaonline.it\/index.php\/wp-json\/wp\/v2\/comments?post=223979"}],"version-history":[{"count":1,"href":"https:\/\/www.cronacaonline.it\/index.php\/wp-json\/wp\/v2\/posts\/223979\/revisions"}],"predecessor-version":[{"id":223980,"href":"https:\/\/www.cronacaonline.it\/index.php\/wp-json\/wp\/v2\/posts\/223979\/revisions\/223980"}],"wp:featuredmedia":[{"embeddable":true,"href":"https:\/\/www.cronacaonline.it\/index.php\/wp-json\/wp\/v2\/media\/222200"}],"wp:attachment":[{"href":"https:\/\/www.cronacaonline.it\/index.php\/wp-json\/wp\/v2\/media?parent=223979"}],"wp:term":[{"taxonomy":"category","embeddable":true,"href":"https:\/\/www.cronacaonline.it\/index.php\/wp-json\/wp\/v2\/categories?post=223979"},{"taxonomy":"post_tag","embeddable":true,"href":"https:\/\/www.cronacaonline.it\/index.php\/wp-json\/wp\/v2\/tags?post=223979"}],"curies":[{"name":"wp","href":"https:\/\/api.w.org\/{rel}","templated":true}]}}