{"id":223977,"date":"2022-07-05T19:36:52","date_gmt":"2022-07-05T17:36:52","guid":{"rendered":"https:\/\/www.cronacaonline.it\/?p=223977"},"modified":"2022-07-05T19:36:55","modified_gmt":"2022-07-05T17:36:55","slug":"consiglio-sardegna-pale-eoliche-laula-approva-ordine-del-giorno-unitario-portovesme-srl-via-libera-a-un-ordine-del-giorno-che-impegna-la-giunta-ad-aprire-un-tavolo-di-confronto-con-il-go","status":"publish","type":"post","link":"https:\/\/www.cronacaonline.it\/index.php\/2022\/07\/05\/consiglio-sardegna-pale-eoliche-laula-approva-ordine-del-giorno-unitario-portovesme-srl-via-libera-a-un-ordine-del-giorno-che-impegna-la-giunta-ad-aprire-un-tavolo-di-confronto-con-il-go\/","title":{"rendered":"Consiglio Sardegna &#8211; Pale eoliche, l\u2019Aula approva ordine del giorno unitario. Portovesme srl, via libera a un ordine del giorno che impegna la Giunta ad aprire un tavolo di confronto con il Governo sull\u201dEnergy release\u201d."},"content":{"rendered":"\n<p>Cagliari 5 Lug 2022 \u2013\u00a0La seduta \u00e8 stata aperta dal presidente Michele Pais. Dopo le formalit\u00e0 di rito il Consiglio ha iniziato l\u2019esame dell\u2019ordine del giorno con l\u2019ordine del giorno unitario in materia di impianti di energia eolica off-shore. Nel documento si impegna il presidente della Regione ad introdurre una moratoria sulle concessioni demaniali e marittime, finalizzata ad assicurare ai sardi specifiche garanzie e tutele in materia ambientale ed energetica, a proteggere il mare come bene comune identitario a beneficio del mondo e delle future generazioni e ad aggiornare il Piano energetico regionale, attraverso studi indipendenti, tenendo conto delle peculiari caratteristiche del territorio.<\/p>\n\n\n\n<p>L\u2019ordine del giorno \u00e8 stato approvato.<\/p>\n\n\n\n<p>In un successivo ordine del giorno, riguardante la situazione della Portovesme Srl, si impegna il presidente della Regione ad aprire un tavolo di confronto con il Governo per raggiungere i seguenti obiettivi: rapida approvazione dei decreti attuativi del Mise riguardanti il c.d. \u201cEnergy release\u201d, ammettere la Sardegna a misure compensative del divario energetico con il resto d\u2019Italia, concordare con la Portovesme Srl le azioni pi\u00f9 efficaci per la salvaguardia della produzione e dell\u2019occupazione. Anche quest\u2019ultimo ordine del giorno \u00e8 stato approvato all\u2019unanimit\u00e0.<\/p>\n\n\n\n<p>A seguire, \u00e8 stato approvato all\u2019unanimit\u00e0 anche il Disegno di legge n.332 (Modifiche alla legge regionale n.8\/2022) contenente aiuti all\u2019Associazione allevatori della Sardegna (Aars). Al termine dello scrutinio il presidente ha sospeso la seduta.<\/p>\n\n\n\n<p>Alla ripresa dei lavori, il Consiglio ha iniziato l\u2019esame della Proposta di legge&nbsp;342&nbsp;&nbsp;\u201cDisposizioni urgenti di carattere finanziario\u201d. Il presidente Pais ha aperto la discussione generale e ha dato la parola all\u2019assessore del Bilancio, Giuseppe Fasolino, il quale ha illustrato velocemente il provvedimento. In particolare, l\u2019esponente della Giunta ha spiegato che si tratta di norme di manutenzione legate ad alcune richieste arrivate dal Mef. Il testo modifica, infatti, gli scaglioni Irpef per le detrazioni adeguandosi alle disposizioni nazionali in materia di entrate, in particolare alla Risoluzione Mef del 1 febbraio 2022.&nbsp;&nbsp;Il testo prevede alcune modifiche alla legge di Bilancio 2022 cos\u00ec come concordate con il Mef, Dipartimento della Ragioneria dello Stato. Il testo ha, anche, l\u2019obiettivo di ottimizzare la gestione delle disponibilit\u00e0 liquide degli enti&nbsp;e delle agenzie regionali che non sono assoggettati al sistema di tesoreria unica, cos\u00ec, ha spiegato Fasolino, da creare dei sottoconti subito disponibili per gli enti e agenzie ed evitando cos\u00ec di pagare ulteriori interessi. La PL si occupa anche della legge 949\/52 per le imprese artigiane e della 240\/81 e definisce l\u2019importo previsto per l\u2019ente istruttore per le pratiche per le agevolazioni, Artigiancassa.<\/p>\n\n\n\n<p>Per il consigliere Piero Comandini (Pd) una materia cos\u00ec complessa di manutenzione tributaria avrebbe meritato maggiore discussione e approfondimento. Il consigliere ha chiesto all\u2019assessore di evitare che arrivino in Consiglio regionale documenti che richiedono approfondimenti in Commissione. D\u2019accordo anche la collega, Desir\u00e9 Manca (M5S) che ha annunciato che non voter\u00e0, nonostante l\u2019assessore sia una persona molto seria, una proposta di legge arrivata tre minuti prima e che non ha potuto approfondire. \u201cNon si pu\u00f2 votare qualcosa che non si conosce\u201d. Sulla testo sono intervenuti il capogruppo del Ps\u2019Az, Franco Mula, l\u2019assessore Fasolino, il consigliere dei Progressisti Massimo Zedda, il capogruppo della Lega, Pierluigi Saiu, l\u2019assessore del Turismo, Commercio e Artigianato, Gianni Chessa. Il Consiglio regionale ha approvato in rapida sequenza gli articoli e gli allegati. L\u2019Aula ha approvato la proposta di legge 342 con 24 voti a favore e 17 astenuti. I consiglieri Comandini e Desir\u00e9 Manca hanno annunciato l\u2019astensione dei loro gruppi perch\u00e9 non \u00e8 stato possibile approfondire l\u2019esame del testo.<\/p>\n\n\n\n<p>Il presidente Pais ha annunciato che domani alle 10,30 si riunir\u00e0 la Commissione Autonomia e Riforme e che alle 11.30 i Capigruppo incontreranno i rappresentanti dei tassisti. La seduta \u00e8 stata chiusa. Il Consiglio sar\u00e0 riconvocato a domicilio. Com<\/p>\n","protected":false},"excerpt":{"rendered":"<p>Cagliari 5 Lug 2022 \u2013\u00a0La seduta \u00e8 stata aperta dal presidente Michele Pais. Dopo le formalit\u00e0 di rito il Consiglio ha iniziato l\u2019esame dell\u2019ordine del&#8230;<\/p>\n","protected":false},"author":2,"featured_media":191709,"comment_status":"closed","ping_status":"open","sticky":false,"template":"","format":"standard","meta":[],"categories":[49,52],"tags":[],"_links":{"self":[{"href":"https:\/\/www.cronacaonline.it\/index.php\/wp-json\/wp\/v2\/posts\/223977"}],"collection":[{"href":"https:\/\/www.cronacaonline.it\/index.php\/wp-json\/wp\/v2\/posts"}],"about":[{"href":"https:\/\/www.cronacaonline.it\/index.php\/wp-json\/wp\/v2\/types\/post"}],"author":[{"embeddable":true,"href":"https:\/\/www.cronacaonline.it\/index.php\/wp-json\/wp\/v2\/users\/2"}],"replies":[{"embeddable":true,"href":"https:\/\/www.cronacaonline.it\/index.php\/wp-json\/wp\/v2\/comments?post=223977"}],"version-history":[{"count":1,"href":"https:\/\/www.cronacaonline.it\/index.php\/wp-json\/wp\/v2\/posts\/223977\/revisions"}],"predecessor-version":[{"id":223978,"href":"https:\/\/www.cronacaonline.it\/index.php\/wp-json\/wp\/v2\/posts\/223977\/revisions\/223978"}],"wp:featuredmedia":[{"embeddable":true,"href":"https:\/\/www.cronacaonline.it\/index.php\/wp-json\/wp\/v2\/media\/191709"}],"wp:attachment":[{"href":"https:\/\/www.cronacaonline.it\/index.php\/wp-json\/wp\/v2\/media?parent=223977"}],"wp:term":[{"taxonomy":"category","embeddable":true,"href":"https:\/\/www.cronacaonline.it\/index.php\/wp-json\/wp\/v2\/categories?post=223977"},{"taxonomy":"post_tag","embeddable":true,"href":"https:\/\/www.cronacaonline.it\/index.php\/wp-json\/wp\/v2\/tags?post=223977"}],"curies":[{"name":"wp","href":"https:\/\/api.w.org\/{rel}","templated":true}]}}