{"id":223945,"date":"2022-07-05T10:41:49","date_gmt":"2022-07-05T08:41:49","guid":{"rendered":"https:\/\/www.cronacaonline.it\/?p=223945"},"modified":"2022-07-05T10:41:51","modified_gmt":"2022-07-05T08:41:51","slug":"editoria-assessore-biancareddu-sostegni-per-la-stampa-periodica-e-leditoria-libraria","status":"publish","type":"post","link":"https:\/\/www.cronacaonline.it\/index.php\/2022\/07\/05\/editoria-assessore-biancareddu-sostegni-per-la-stampa-periodica-e-leditoria-libraria\/","title":{"rendered":"Editoria: Assessore Biancareddu, sostegni per la stampa periodica e l\u2019editoria libraria."},"content":{"rendered":"\n<p>Cagliari, 5 Lug 2022 \u2013\u00a0Approvati gli interventi a sostegno dell\u2019editoria libraria locale, della stampa periodica dell\u2019informazione e per il miglioramento dei servizi di distribuzione. Lo ha stabilito per il 2022 l\u2019assessore della Pubblica Istruzione, Andrea Biancareddu che ha messo in bilancio 230 mila euro. Secondo uno schema bene preciso \u00e8 stato deciso che per soddisfare in maniera adeguata le differenti esigenze consolidate nel corso delle precedenti annualit\u00e0 su due linee di attivit\u00e0, sono stati destinare 135 mila euro al programma di contributi per l'acquisto di materie prime e servizi anche informatici finalizzati alla pubblicazione delle opere, nel caso in cui utilizzino aziende tipografiche o di servizi con sede e impianti in Sardegna da parte delle aziende di editoria libraria e\u00a0\u00a095 mila euro per l'abbattimento dei costi di prestampa e per la riduzione dei costi e miglioramento del servizio di distribuzione, in favore delle aziende di editoria periodica, sulla base della spesa sostenuta nel 2021.<\/p>\n\n\n\n<p>\u201cPer i criteri di attribuzione - ha detto l\u2019assessore Biancareddu - abbiamo sentito gli operatori del settore e in particolare l\u2019Associazione degli Editori Sardi (AES). Per questo, dopo le consultazioni \u00e8 risultato opportuno procedere ad una revisione degli stessi criteri, modificando in particolare, il peso di alcune voci di punteggio per l\u2019accesso ai contributi, al fine di dare maggior peso ad alcune precise peculiarit\u00e0 riguardanti soprattutto la capacit\u00e0 imprenditoriale e la continuit\u00e0 dell\u2019attivit\u00e0 nel tempo\u201d. Com<\/p>\n","protected":false},"excerpt":{"rendered":"<p>Cagliari, 5 Lug 2022 \u2013\u00a0Approvati gli interventi a sostegno dell\u2019editoria libraria locale, della stampa periodica dell\u2019informazione e per il miglioramento dei servizi di distribuzione. Lo&#8230;<\/p>\n","protected":false},"author":2,"featured_media":184604,"comment_status":"closed","ping_status":"open","sticky":false,"template":"","format":"standard","meta":[],"categories":[49,52],"tags":[],"_links":{"self":[{"href":"https:\/\/www.cronacaonline.it\/index.php\/wp-json\/wp\/v2\/posts\/223945"}],"collection":[{"href":"https:\/\/www.cronacaonline.it\/index.php\/wp-json\/wp\/v2\/posts"}],"about":[{"href":"https:\/\/www.cronacaonline.it\/index.php\/wp-json\/wp\/v2\/types\/post"}],"author":[{"embeddable":true,"href":"https:\/\/www.cronacaonline.it\/index.php\/wp-json\/wp\/v2\/users\/2"}],"replies":[{"embeddable":true,"href":"https:\/\/www.cronacaonline.it\/index.php\/wp-json\/wp\/v2\/comments?post=223945"}],"version-history":[{"count":1,"href":"https:\/\/www.cronacaonline.it\/index.php\/wp-json\/wp\/v2\/posts\/223945\/revisions"}],"predecessor-version":[{"id":223946,"href":"https:\/\/www.cronacaonline.it\/index.php\/wp-json\/wp\/v2\/posts\/223945\/revisions\/223946"}],"wp:featuredmedia":[{"embeddable":true,"href":"https:\/\/www.cronacaonline.it\/index.php\/wp-json\/wp\/v2\/media\/184604"}],"wp:attachment":[{"href":"https:\/\/www.cronacaonline.it\/index.php\/wp-json\/wp\/v2\/media?parent=223945"}],"wp:term":[{"taxonomy":"category","embeddable":true,"href":"https:\/\/www.cronacaonline.it\/index.php\/wp-json\/wp\/v2\/categories?post=223945"},{"taxonomy":"post_tag","embeddable":true,"href":"https:\/\/www.cronacaonline.it\/index.php\/wp-json\/wp\/v2\/tags?post=223945"}],"curies":[{"name":"wp","href":"https:\/\/api.w.org\/{rel}","templated":true}]}}