{"id":223780,"date":"2022-06-30T17:30:03","date_gmt":"2022-06-30T15:30:03","guid":{"rendered":"https:\/\/www.cronacaonline.it\/?p=223780"},"modified":"2022-06-30T17:30:06","modified_gmt":"2022-06-30T15:30:06","slug":"bilancio-assessore-fasolino-il-consiglio-approva-lassestamento-sardegna-proiettata-sul-futuro-pronti-a-cogliere-le-nuove-sfide","status":"publish","type":"post","link":"https:\/\/www.cronacaonline.it\/index.php\/2022\/06\/30\/bilancio-assessore-fasolino-il-consiglio-approva-lassestamento-sardegna-proiettata-sul-futuro-pronti-a-cogliere-le-nuove-sfide\/","title":{"rendered":"Bilancio, assessore Fasolino: il consiglio approva l\u2019assestamento. Sardegna proiettata sul futuro, pronti a cogliere le nuove sfide."},"content":{"rendered":"\n<p>Cagliari, 30 Giu 2022 -\u00a0Il Consiglio regionale ha approvato oggi l\u2019assestamento del bilancio di previsione 2022-2024 deliberato dalla Giunta il 21 giugno. Lo strumento giuridico-contabile che aggiorna il bilancio di previsione sulla base del risultato del rendiconto 2021, oltre ad aver azzerato interamente il disavanzo, per la prima volta ha presentato un avanzo pari a circa 78 milioni di euro.<\/p>\n\n\n\n<p>\u201cOltre a essere la regione che ha investito maggiori risorse per sostenere il tessuto economico nel corso della pandemia, siamo riusciti a tenere in ordine i conti mettendo a disposizione della crescita ulteriori risorse che oggi si liberano in favore di nuove misure di sviluppo che andranno a incidere sui settori strategici per l\u2019economia della Sardegna\u201d, ha spiegato il Presidente della Regione sarda, definendo l\u2019approvazione dell\u2019assestamento di bilancio \u201cun passaggio delicato perch\u00e9 rappresenta un nuovo inizio, la base di partenza che proietta la Sardegna oltre la crisi. Con un equilibrio di bilancio certificato, nuove risorse regionali a disposizione e fondi nazionale ed europei in arrivo, la nostra regione \u2013 ha proseguito il Presidente \u2013 \u00e8 ora pronta a ritrovare le energie per crescere\u201d.<\/p>\n\n\n\n<p>L\u2019Assessore del Bilancio, Giuseppe Fasolino, ha evidenziato l\u2019accelerazione impressa dagli uffici per arrivare quanto prima alla chiusura della parte amministrativa: \u201cSiamo riusciti ad approvare il rendiconto in anticipo rispetto alla scadenza prevista dal Governo. Nella sostanza \u2013 ha proseguito l\u2019Assessore Fasolino - \u00e8 stato appianato tutto il debito pregresso con un avanzo di amministrazione di 78 milioni che sar\u00e0 la base per la Legge Omnibus che verr\u00e0. Queste risorse, unite a una serie di nuovi fondi, ci consente di avere un tesoretto per far ripartire la nostra Isola e per cercare di raggiungere quegli obiettivi importanti che ci siamo dati\u201d, ha concluso l\u2019esponente della Giunta isolana.<\/p>\n\n\n\n<p>Guardando ai dati, il rendiconto 2021 approvato il 13 giugno, per la prima volta dal passaggio alla contabilit\u00e0 armonizzata ha registrato un avanzo di amministrazione di circa 78 milioni di euro. Il miglioramento complessivo di circa 279 milioni rispetto al disavanzo del 2020 (pari a circa 201 milioni, ora coperti), ha infatti consentito di ripianare interamente quel risultato negativo ereditato dalle gestioni degli anni passati e rimasto in piedi nel rendiconto precedente, arrivando all\u2019azzeramento del debito in anticipo rispetto alla possibilit\u00e0 che aveva la Regione di ripianarlo in pi\u00f9 anni. La Regione potr\u00e0 quindi proseguire l\u2019azione di sostegno al tessuto economico e produttivo sardo, mantenendo in piedi le misure di sostegno alla crescita e alla competitivit\u00e0 del sistema isolano e ponendo le basi per una pronta ripresa. Com<\/p>\n","protected":false},"excerpt":{"rendered":"<p>Cagliari, 30 Giu 2022 &#8211;\u00a0Il Consiglio regionale ha approvato oggi l\u2019assestamento del bilancio di previsione 2022-2024 deliberato dalla Giunta il 21 giugno. Lo strumento giuridico-contabile&#8230;<\/p>\n","protected":false},"author":2,"featured_media":220683,"comment_status":"closed","ping_status":"open","sticky":false,"template":"","format":"standard","meta":[],"categories":[49,52],"tags":[],"_links":{"self":[{"href":"https:\/\/www.cronacaonline.it\/index.php\/wp-json\/wp\/v2\/posts\/223780"}],"collection":[{"href":"https:\/\/www.cronacaonline.it\/index.php\/wp-json\/wp\/v2\/posts"}],"about":[{"href":"https:\/\/www.cronacaonline.it\/index.php\/wp-json\/wp\/v2\/types\/post"}],"author":[{"embeddable":true,"href":"https:\/\/www.cronacaonline.it\/index.php\/wp-json\/wp\/v2\/users\/2"}],"replies":[{"embeddable":true,"href":"https:\/\/www.cronacaonline.it\/index.php\/wp-json\/wp\/v2\/comments?post=223780"}],"version-history":[{"count":1,"href":"https:\/\/www.cronacaonline.it\/index.php\/wp-json\/wp\/v2\/posts\/223780\/revisions"}],"predecessor-version":[{"id":223781,"href":"https:\/\/www.cronacaonline.it\/index.php\/wp-json\/wp\/v2\/posts\/223780\/revisions\/223781"}],"wp:featuredmedia":[{"embeddable":true,"href":"https:\/\/www.cronacaonline.it\/index.php\/wp-json\/wp\/v2\/media\/220683"}],"wp:attachment":[{"href":"https:\/\/www.cronacaonline.it\/index.php\/wp-json\/wp\/v2\/media?parent=223780"}],"wp:term":[{"taxonomy":"category","embeddable":true,"href":"https:\/\/www.cronacaonline.it\/index.php\/wp-json\/wp\/v2\/categories?post=223780"},{"taxonomy":"post_tag","embeddable":true,"href":"https:\/\/www.cronacaonline.it\/index.php\/wp-json\/wp\/v2\/tags?post=223780"}],"curies":[{"name":"wp","href":"https:\/\/api.w.org\/{rel}","templated":true}]}}