{"id":223759,"date":"2022-06-30T11:23:10","date_gmt":"2022-06-30T09:23:10","guid":{"rendered":"https:\/\/www.cronacaonline.it\/?p=223759"},"modified":"2022-06-30T11:23:15","modified_gmt":"2022-06-30T09:23:15","slug":"ambiente-assessore-lampis-il-patrimonio-ambientale-e-naturale-rappresenta-un-bene-prezioso-e-fondamentale-per-promuovere-iniziative-di-ecoturismo","status":"publish","type":"post","link":"https:\/\/www.cronacaonline.it\/index.php\/2022\/06\/30\/ambiente-assessore-lampis-il-patrimonio-ambientale-e-naturale-rappresenta-un-bene-prezioso-e-fondamentale-per-promuovere-iniziative-di-ecoturismo\/","title":{"rendered":"Ambiente, assessore Lampis: \u2018il patrimonio ambientale e naturale rappresenta un bene prezioso e fondamentale per promuovere iniziative di ecoturismo&#8217;."},"content":{"rendered":"\n<p><br>Cagliari, 30 Giu 2022\u00a0\u2013\u00a0\"Il patrimonio ambientale e naturale della Sardegna rappresenta un bene prezioso e fondamentale per promuovere iniziative di 'ecoturismo', basate prevalentemente sull'interesse dei turisti per l\u2019osservazione e la contemplazione della natura, ma anche della cultura e della tradizioni presenti nei territori. Come evidenziato nella \u2018Strategia Sardegna2030\u2019, l'ecoturismo rappresenta un'opportunit\u00e0 per coniugare conservazione e valorizzazione, lavorando per la protezione della natura e la sua corretta fruizione, la qualit\u00e0 della vita e il benessere delle comunit\u00e0 locali\u201d. Lo ha detto l'assessore regionale della Difesa dell\u2019ambiente, Gianni Lampis, nel suo intervento durante il convegno \u201cEcoturismo nel Mediterraneo e in Sardegna: come fare?\u201d, organizzato a Nuoro dal Servizio sostenibilit\u00e0 ambientale valutazione strategica e sistemi informativi (Svasi) dell\u2019Assessorato dell\u2019Ambiente, in collaborazione con il Dipartimento di Scienze economiche e aziendali (Disea) dell\u2019Universit\u00e0 di Sassari.<br>\"\u00c8 una forma di turismo a basso impatto ambientale - ha aggiunto l'assessore Lampis - che rispetta e contribuisce alla protezione della natura, generando benefici economici per le comunit\u00e0 locali e per le organizzazioni che si occupano della salvaguardia delle aree naturali. Oltre, ovviamente, a importanti sbocchi occupazionali e a una maggiore attenzione da parte dei cittadini per la conservazione della natura\u201d.<br>\"Dobbiamo creare le condizioni per definire e sviluppare in Sardegna un ricco programma di iniziative di ecoturismo, mediante un approccio partecipato e di politiche integrate. Esistono tante potenzialit\u00e0 e tante competenze che, coinvolgendo le filiere economiche locali, possiamo sfruttare per realizzare azioni concrete, utilizzando le risorse finanziarie gi\u00e0 disponibili, anche in collaborazione con altre regioni del Mediterraneo con le quali proseguir\u00e0 il confronto gi\u00e0 avviato\", ha concluso l\u2019esponente della Giunta sarda. Com<\/p>\n","protected":false},"excerpt":{"rendered":"<p>Cagliari, 30 Giu 2022\u00a0\u2013\u00a0&#8220;Il patrimonio ambientale e naturale della Sardegna rappresenta un bene prezioso e fondamentale per promuovere iniziative di &#8216;ecoturismo&#8217;, basate prevalentemente sull&#8217;interesse dei&#8230;<\/p>\n","protected":false},"author":2,"featured_media":223740,"comment_status":"closed","ping_status":"open","sticky":false,"template":"","format":"standard","meta":[],"categories":[49,52],"tags":[],"_links":{"self":[{"href":"https:\/\/www.cronacaonline.it\/index.php\/wp-json\/wp\/v2\/posts\/223759"}],"collection":[{"href":"https:\/\/www.cronacaonline.it\/index.php\/wp-json\/wp\/v2\/posts"}],"about":[{"href":"https:\/\/www.cronacaonline.it\/index.php\/wp-json\/wp\/v2\/types\/post"}],"author":[{"embeddable":true,"href":"https:\/\/www.cronacaonline.it\/index.php\/wp-json\/wp\/v2\/users\/2"}],"replies":[{"embeddable":true,"href":"https:\/\/www.cronacaonline.it\/index.php\/wp-json\/wp\/v2\/comments?post=223759"}],"version-history":[{"count":1,"href":"https:\/\/www.cronacaonline.it\/index.php\/wp-json\/wp\/v2\/posts\/223759\/revisions"}],"predecessor-version":[{"id":223760,"href":"https:\/\/www.cronacaonline.it\/index.php\/wp-json\/wp\/v2\/posts\/223759\/revisions\/223760"}],"wp:featuredmedia":[{"embeddable":true,"href":"https:\/\/www.cronacaonline.it\/index.php\/wp-json\/wp\/v2\/media\/223740"}],"wp:attachment":[{"href":"https:\/\/www.cronacaonline.it\/index.php\/wp-json\/wp\/v2\/media?parent=223759"}],"wp:term":[{"taxonomy":"category","embeddable":true,"href":"https:\/\/www.cronacaonline.it\/index.php\/wp-json\/wp\/v2\/categories?post=223759"},{"taxonomy":"post_tag","embeddable":true,"href":"https:\/\/www.cronacaonline.it\/index.php\/wp-json\/wp\/v2\/tags?post=223759"}],"curies":[{"name":"wp","href":"https:\/\/api.w.org\/{rel}","templated":true}]}}