{"id":223683,"date":"2022-06-28T19:34:51","date_gmt":"2022-06-28T17:34:51","guid":{"rendered":"https:\/\/www.cronacaonline.it\/?p=223683"},"modified":"2022-06-28T19:34:53","modified_gmt":"2022-06-28T17:34:53","slug":"innovazione-progetto-sotacarbo-finanziato-con-12-milioni-di-euro-il-presidente-solinas-la-sardegna-diventa-punto-di-riferimento-per-lintero-bacino-del-mediterraneo-occidentale","status":"publish","type":"post","link":"https:\/\/www.cronacaonline.it\/index.php\/2022\/06\/28\/innovazione-progetto-sotacarbo-finanziato-con-12-milioni-di-euro-il-presidente-solinas-la-sardegna-diventa-punto-di-riferimento-per-lintero-bacino-del-mediterraneo-occidentale\/","title":{"rendered":"Innovazione, progetto Sotacarbo finanziato con 12 milioni di euro. Il presidente Solinas: \u2018la Sardegna diventa punto di riferimento per l\u2019intero bacino del mediterraneo occidentale\u2019."},"content":{"rendered":"\n<p>Cagliari,\u00a028 Giu 2022\u00a0\u2013\u00a0Un finanziamento nazionale di 12 milioni di euro per recuperare i locali dell\u2019ex ufficio tecnico della Grande miniera di Serbariu a Carbonia e per realizzare, nel Centro ricerche Sotacarbo, un laboratorio avanzato di valenza internazionale per la produzione di idrogeno e altri combustibili da energia rinnovabile. Il progetto \u00e8 stato presentato da Sotacarbo, capofila di una partnership che comprende il Comune di Carbonia, Crs4, Imi Remosa, le Universit\u00e0 di Cagliari, di Sassari e della Campania \u201cLuigi Vanvitelli\u201d.<\/p>\n\n\n\n<p>\u201cUn importante riconoscimento da parte dell\u2019Agenzia per la Coesione territoriale, che evidenzia la solidit\u00e0 e l\u2019innovazione della proposta progettuale \u2013 ha sottolineato il presidente della Regione\u2013. La Sardegna diventa un punto di riferimento per l\u2019intero bacino del Mediterraneo occidentale, area col maggior potenziale di crescita della domanda di idrogeno, grazie anche ai notevoli margini di sviluppo delle fonti energetiche rinnovabili. Il finanziamento contribuir\u00e0 al recupero della Grande miniera di Serbariu e premia&nbsp;il ruolo strategico di Sotacarbo nel sistema regionale di ricerca, anche grazie alla partecipazione ad alcune sfide progettuali che concorrono a disegnare un nuovo modello di sviluppo per la nostra Isola. Un tassello importante per l\u2019avvio in Sardegna di un\u2019economia dell\u2019idrogeno che possa creare nuove opportunit\u00e0 di sviluppo e occupazione, oltre che un eccellente risultato che conferma la validit\u00e0 dei recenti provvedimenti della Giunta regionale per implementare il Centro ricerche Sotacarbo, affinch\u00e9 svolga appieno il ruolo di coordinamento delle attivit\u00e0 di preparazione alle politiche regionali della transizione energetica e per lo sviluppo delle tecnologie low carbon\u201d.<\/p>\n\n\n\n<p>Il progetto \u201cRecover\u201d (Riqualificazione di edifici minerari per la creazione di un polo di innovazione su idrogeno e combustibili verdi) \u00e8 risultato terzo tra i 27 progetti finanziati dall\u2019Agenzia, sui 146 ammessi alla valutazione finale del bando per la creazione di ecosistemi dell'innovazione nel Mezzogiorno. Si tratta dell\u2019unico progetto finanziato per la Sardegna, tra gli otto presentati da enti di ricerca e universit\u00e0 isolane.<\/p>\n\n\n\n<p>\u201cSiamo particolarmente orgogliosi per il brillante risultato raggiunto, che dimostra ancora una volta quanto sia importante il gioco di squadra a livello territoriale \u2013 ha commentato Giacomo Cao, amministratore unico del Crs4 \u2013 Contribuiremo alla progettazione della micro-rete per la gestione dell\u2019accumulo dell\u2019idrogeno finalizzato all\u2019autosostentamento energetico dell\u2019edificio interessato al progetto\u201d.<\/p>\n\n\n\n<p>\u201cLa valutazione degli esperti premia il gran lavoro dei ricercatori Sotacarbo \u2013 ha aggiunto Mario Porcu, presidente Sotacarbo \u2013 Il Progetto \u00e8 il primo contributo per far diventare la Sardegna una regione caratterizzata da sistemi energetici a emissioni zero, fondamentali per la transizione energetica dell\u2019Isola. E\u2019 finalizzato a sviluppare l\u2019accumulo di energia rinnovabile e la decarbonizzazione di settori \u2018hard to abate\u2019, come trasporti pesanti e industrie basate sulle fonti fossili, passaggi imprescindibili per raggiungere l\u2019obiettivo della neutralit\u00e0 climatica\u201d.<\/p>\n\n\n\n<p>Soddisfazione per il finanziamento \u00e8 stata espressa anche dal sindaco di Carbonia, Pietro Morittu. Com<\/p>\n","protected":false},"excerpt":{"rendered":"<p>Cagliari,\u00a028 Giu 2022\u00a0\u2013\u00a0Un finanziamento nazionale di 12 milioni di euro per recuperare i locali dell\u2019ex ufficio tecnico della Grande miniera di Serbariu a Carbonia e&#8230;<\/p>\n","protected":false},"author":2,"featured_media":187128,"comment_status":"closed","ping_status":"open","sticky":false,"template":"","format":"standard","meta":[],"categories":[49,52],"tags":[],"_links":{"self":[{"href":"https:\/\/www.cronacaonline.it\/index.php\/wp-json\/wp\/v2\/posts\/223683"}],"collection":[{"href":"https:\/\/www.cronacaonline.it\/index.php\/wp-json\/wp\/v2\/posts"}],"about":[{"href":"https:\/\/www.cronacaonline.it\/index.php\/wp-json\/wp\/v2\/types\/post"}],"author":[{"embeddable":true,"href":"https:\/\/www.cronacaonline.it\/index.php\/wp-json\/wp\/v2\/users\/2"}],"replies":[{"embeddable":true,"href":"https:\/\/www.cronacaonline.it\/index.php\/wp-json\/wp\/v2\/comments?post=223683"}],"version-history":[{"count":1,"href":"https:\/\/www.cronacaonline.it\/index.php\/wp-json\/wp\/v2\/posts\/223683\/revisions"}],"predecessor-version":[{"id":223684,"href":"https:\/\/www.cronacaonline.it\/index.php\/wp-json\/wp\/v2\/posts\/223683\/revisions\/223684"}],"wp:featuredmedia":[{"embeddable":true,"href":"https:\/\/www.cronacaonline.it\/index.php\/wp-json\/wp\/v2\/media\/187128"}],"wp:attachment":[{"href":"https:\/\/www.cronacaonline.it\/index.php\/wp-json\/wp\/v2\/media?parent=223683"}],"wp:term":[{"taxonomy":"category","embeddable":true,"href":"https:\/\/www.cronacaonline.it\/index.php\/wp-json\/wp\/v2\/categories?post=223683"},{"taxonomy":"post_tag","embeddable":true,"href":"https:\/\/www.cronacaonline.it\/index.php\/wp-json\/wp\/v2\/tags?post=223683"}],"curies":[{"name":"wp","href":"https:\/\/api.w.org\/{rel}","templated":true}]}}