{"id":223681,"date":"2022-06-28T19:32:08","date_gmt":"2022-06-28T17:32:08","guid":{"rendered":"https:\/\/www.cronacaonline.it\/?p=223681"},"modified":"2022-06-28T19:32:11","modified_gmt":"2022-06-28T17:32:11","slug":"chimica-verde-il-presidente-christian-solinas-incontra-gli-amministratori-e-i-sindacati-proseguiamo-uniti-nella-battaglia-per-rilanciare-gli-investimenti","status":"publish","type":"post","link":"https:\/\/www.cronacaonline.it\/index.php\/2022\/06\/28\/chimica-verde-il-presidente-christian-solinas-incontra-gli-amministratori-e-i-sindacati-proseguiamo-uniti-nella-battaglia-per-rilanciare-gli-investimenti\/","title":{"rendered":"Chimica verde, il presidente Christian Solinas incontra gli amministratori e i sindacati. \u201cProseguiamo uniti nella battaglia per rilanciare gli investimenti."},"content":{"rendered":"\n<p>Cagliari, 28 Giu 2022\u00a0- Il percorso per riavviare gli investimenti sulla chimica verde a Porto Torres prosegue.<\/p>\n\n\n\n<p>In linea con le determinazioni assunte dal Territorio del Nord Ovest della Sardegna il 7 dicembre a Nule, e in coerenza con quanto concordato il 3 marzo scorso a Villa Devoto, il Presidente Solinas, dopo aver inviato la lettera di sollecito al Presidente Draghi, oggi ha voluto incontrare istituzioni locali e parti sociali, sottoscrittrici del Protocollo del maggio 2011, direttamente coinvolte e parte attiva nel processo di rilancio e rivendicazione degli investimenti sulla Chimica Verde a Porto Torres.<\/p>\n\n\n\n<p>Assumere una posizione unitaria e condivisa ha rappresentato fin da subito la volont\u00e0 del Presidente, volont\u00e0 condivisa da tutte le parti coinvolte, che si sono dette convinte della assoluta necessit\u00e0 di farsi trovare pronte all\u2019appuntamento che nel prossimo immediato futuro si realizzer\u00e0 presso la presidenza del Consiglio dei Ministri.<\/p>\n\n\n\n<p>Sono convinto, dice il Presidente, che l\u2019area industriale di Sassari e Porto Torres abbia ancora oggi tutte le caratteristiche per diventare sede di sviluppo dell\u2019economia green e circolare sulla quale si basa il rilancio del Paese, e che i tratti distintivi del Protocollo del 2011, validi allora, lo sono a maggior ragione oggi.<\/p>\n\n\n\n<p>L\u2019incontro, prosegue il Presidente, ha reso manifesta la diffusa consapevolezza che per rilanciare il progetto e gli investimenti, sia indispensabile avviare una nuova fase, partendo dall\u2019imprescindibile presupposto che veda i futuri investimenti volti alla realizzazione di impianti su scala industriale, con produzioni di 90.000 \u2013 120.000 tonnellate anno.<\/p>\n\n\n\n<p>Questa stessa nuova fase deve prevedere investimenti in qualit\u00e0 e valore equivalenti a quelli indicati nel 2011, affinch\u00e9 sia recuperato il deficit economico e occupazionale che questi 11 anni hanno prodotto.<\/p>\n\n\n\n<p>Per queste ragioni, in coerenza con quanto disposto dalla L.34 del 27 aprile 2020, l\u2019accordo tra le parti dovr\u00e0 assumere caratteristiche tali da essere stretto da vincoli legislativi e normativi che possano trasformare in esigibili gli impegni che saranno assunti.<\/p>\n\n\n\n<p>La posizione unica e condivisa sar\u00e0 rappresentata in un documento che il Presidente della Regione Sarda, anche relazionandosi con le Universit\u00e0 Sarde, produrr\u00e0 nei prossimi giorni. Un documento che con gli stessi attori dell\u2019incontro odierno, sar\u00e0 condiviso e se del caso integrato, nel corso di una prossima urgente riunione che si realizzer\u00e0 nel breve tempo e che costituir\u00e0 l\u2019occasione ultima prima dell\u2019attesa Convocazione da parte del Presidente del Consiglio Draghi. Com<\/p>\n","protected":false},"excerpt":{"rendered":"<p>Cagliari, 28 Giu 2022\u00a0&#8211; Il percorso per riavviare gli investimenti sulla chimica verde a Porto Torres prosegue. In linea con le determinazioni assunte dal Territorio&#8230;<\/p>\n","protected":false},"author":2,"featured_media":214399,"comment_status":"closed","ping_status":"open","sticky":false,"template":"","format":"standard","meta":[],"categories":[49,52],"tags":[],"_links":{"self":[{"href":"https:\/\/www.cronacaonline.it\/index.php\/wp-json\/wp\/v2\/posts\/223681"}],"collection":[{"href":"https:\/\/www.cronacaonline.it\/index.php\/wp-json\/wp\/v2\/posts"}],"about":[{"href":"https:\/\/www.cronacaonline.it\/index.php\/wp-json\/wp\/v2\/types\/post"}],"author":[{"embeddable":true,"href":"https:\/\/www.cronacaonline.it\/index.php\/wp-json\/wp\/v2\/users\/2"}],"replies":[{"embeddable":true,"href":"https:\/\/www.cronacaonline.it\/index.php\/wp-json\/wp\/v2\/comments?post=223681"}],"version-history":[{"count":1,"href":"https:\/\/www.cronacaonline.it\/index.php\/wp-json\/wp\/v2\/posts\/223681\/revisions"}],"predecessor-version":[{"id":223682,"href":"https:\/\/www.cronacaonline.it\/index.php\/wp-json\/wp\/v2\/posts\/223681\/revisions\/223682"}],"wp:featuredmedia":[{"embeddable":true,"href":"https:\/\/www.cronacaonline.it\/index.php\/wp-json\/wp\/v2\/media\/214399"}],"wp:attachment":[{"href":"https:\/\/www.cronacaonline.it\/index.php\/wp-json\/wp\/v2\/media?parent=223681"}],"wp:term":[{"taxonomy":"category","embeddable":true,"href":"https:\/\/www.cronacaonline.it\/index.php\/wp-json\/wp\/v2\/categories?post=223681"},{"taxonomy":"post_tag","embeddable":true,"href":"https:\/\/www.cronacaonline.it\/index.php\/wp-json\/wp\/v2\/tags?post=223681"}],"curies":[{"name":"wp","href":"https:\/\/api.w.org\/{rel}","templated":true}]}}