{"id":223679,"date":"2022-06-28T18:27:00","date_gmt":"2022-06-28T16:27:00","guid":{"rendered":"https:\/\/www.cronacaonline.it\/?p=223679"},"modified":"2022-06-28T18:27:01","modified_gmt":"2022-06-28T16:27:01","slug":"consiglio-sardegna-commissione-sanita-approvati-lassestamento-di-bilancio-e-la-proroga-al-31-dicembre-del-personale-sanitario-anti-covid","status":"publish","type":"post","link":"https:\/\/www.cronacaonline.it\/index.php\/2022\/06\/28\/consiglio-sardegna-commissione-sanita-approvati-lassestamento-di-bilancio-e-la-proroga-al-31-dicembre-del-personale-sanitario-anti-covid\/","title":{"rendered":"Consiglio Sardegna &#8211; Commissione Sanit\u00e0: approvati l\u2019assestamento di bilancio e la proroga al 31 dicembre del personale sanitario anti-Covid."},"content":{"rendered":"\n<p>Cagliari, 28 Giu 2022 \u2013 La commissione Sanit\u00e0, presieduta da Antonio Mario Mundula (Fdi) ha approvato a maggioranza, col voto contrario dell\u2019opposizione, il Dl n.335 contente l\u2019assestamento di bilancio.<\/p>\n\n\n\n<p>Via libera inoltre, ma in questo caso con voto unanime, alla Pl n.336 (primo firmatario Pierluigi Saiu della Lega) che proroga fino al 31 dicembre i contratti del personale sanitario in servizio per le attivit\u00e0 di contrasto alla pandemia Covid. Il costo complessivo del provvedimento \u00e8 ripartito fra lo Stato, 41 milioni del fondo europeo Pon-Gov per il ciclo 2014-2020, e la Regione che metter\u00e0 a disposizione 20 milioni provenienti dal capitolo \u201cNuovi oneri legislativi\u201d. La platea potenziale dei beneficiari della legge \u00e8 di circa 1800 unit\u00e0 con 18 mesi di servizio, dei quali almeno 6 effettuati in strutture impegnate nel contrasto all\u2019emergenza Covid.<\/p>\n\n\n\n<p>Nel dibattito hanno preso la parola Pierluigi Saiu ed Annalisa Mele della Lega, Gianfranco Ganau e Rosella Pinna del Pd, Francesco Agus dei Progressisti e Pietro Moro dell\u2019Udc-Sardegna al Centro. Com<\/p>\n","protected":false},"excerpt":{"rendered":"<p>Cagliari, 28 Giu 2022 \u2013 La commissione Sanit\u00e0, presieduta da Antonio Mario Mundula (Fdi) ha approvato a maggioranza, col voto contrario dell\u2019opposizione, il Dl n.335&#8230;<\/p>\n","protected":false},"author":2,"featured_media":211561,"comment_status":"closed","ping_status":"open","sticky":false,"template":"","format":"standard","meta":[],"categories":[49,52],"tags":[],"_links":{"self":[{"href":"https:\/\/www.cronacaonline.it\/index.php\/wp-json\/wp\/v2\/posts\/223679"}],"collection":[{"href":"https:\/\/www.cronacaonline.it\/index.php\/wp-json\/wp\/v2\/posts"}],"about":[{"href":"https:\/\/www.cronacaonline.it\/index.php\/wp-json\/wp\/v2\/types\/post"}],"author":[{"embeddable":true,"href":"https:\/\/www.cronacaonline.it\/index.php\/wp-json\/wp\/v2\/users\/2"}],"replies":[{"embeddable":true,"href":"https:\/\/www.cronacaonline.it\/index.php\/wp-json\/wp\/v2\/comments?post=223679"}],"version-history":[{"count":1,"href":"https:\/\/www.cronacaonline.it\/index.php\/wp-json\/wp\/v2\/posts\/223679\/revisions"}],"predecessor-version":[{"id":223680,"href":"https:\/\/www.cronacaonline.it\/index.php\/wp-json\/wp\/v2\/posts\/223679\/revisions\/223680"}],"wp:featuredmedia":[{"embeddable":true,"href":"https:\/\/www.cronacaonline.it\/index.php\/wp-json\/wp\/v2\/media\/211561"}],"wp:attachment":[{"href":"https:\/\/www.cronacaonline.it\/index.php\/wp-json\/wp\/v2\/media?parent=223679"}],"wp:term":[{"taxonomy":"category","embeddable":true,"href":"https:\/\/www.cronacaonline.it\/index.php\/wp-json\/wp\/v2\/categories?post=223679"},{"taxonomy":"post_tag","embeddable":true,"href":"https:\/\/www.cronacaonline.it\/index.php\/wp-json\/wp\/v2\/tags?post=223679"}],"curies":[{"name":"wp","href":"https:\/\/api.w.org\/{rel}","templated":true}]}}