{"id":223532,"date":"2022-06-25T08:14:07","date_gmt":"2022-06-25T06:14:07","guid":{"rendered":"https:\/\/www.cronacaonline.it\/?p=223532"},"modified":"2022-06-25T08:14:10","modified_gmt":"2022-06-25T06:14:10","slug":"attacco-hacker-alla-regione-deriu-pd-per-la-sardegna-e-fondamentale-investire-subito-nella-cybersicurezza","status":"publish","type":"post","link":"https:\/\/www.cronacaonline.it\/index.php\/2022\/06\/25\/attacco-hacker-alla-regione-deriu-pd-per-la-sardegna-e-fondamentale-investire-subito-nella-cybersicurezza\/","title":{"rendered":"Attacco hacker alla regione, Deriu (Pd): &#8220;per la Sardegna \u00e8 fondamentale investire subito nella cybersicurezza\u201d."},"content":{"rendered":"\n<p>Cagliari, 25 Giu 2022 - \"Quanto accaduto alla Regione \u00e8 la chiara fotografia di una Sardegna non ancora al passo con i tempi. Lo ho gi\u00e0 detto pi\u00f9 volte e lo ribadisco, a maggior ragione in queste ore: investire concretamente nella cybersicurezza significa garantire un futuro migliore alla nostra regione e tenerla lontano da certi gravi fatti\". Questo quanto dichiarato in una nota il consigliere regionale del Partito Democratico di Roberto Deriu, in commento all'attacco informatico subito ai danni della Regione: gli hacker hanno fatto finire sul dark web migliaia di file \u2013 complessivamente i dati sottratti pesano 155 giga \u2013 contenenti i dati personali di dipendenti regionali e degli utenti di alcune direzioni generali. La conferma dell'attacco arriva dalla stessa Amministrazione, che parla di possibili conseguenze quali \u201cusurpazione di identit\u00e0, perdita di controllo sui propri dati personali, utilizzo degli stessi dati a scopo di pishing\u201d.<br>\"Episodi del genere devono rappresentare un forte impulso per affrontare e risolvere il problema alla radice \u2013 afferma Deriu \u2013. Una necessit\u00e0 che io stesso avevo gi\u00e0 evidenziato nei mesi scorsi, presentando sul tema legato alla cybersicurezza digitale un ordine del giorno, approvato dal Consiglio regionale. Per la Sardegna \u00e8 fondamentale che venga assicurato da subito un rilancio competitivo in ambito digitale, che passi necessariamente per l\u2019efficientamento della messa in sicurezza della pubblica amministrazione regionale, comprese le Universit\u00e0, e nello stesso tempo offra opportunit\u00e0 di sviluppo e crescita per l\u2019intera comunit\u00e0 sarda\".<br>\"Rilanciare la competitivit\u00e0 e la produttivit\u00e0 del sistema paese, attraverso la digitalizzazione e l'innovazione, e quindi passando anche per la cybersicurezza \u2013 conclude Roberto Deriu \u2013 deve essere una sfida che la Sardegna non pu\u00f2 permettersi di perdere\". Com<\/p>\n","protected":false},"excerpt":{"rendered":"<p>Cagliari, 25 Giu 2022 &#8211; &#8220;Quanto accaduto alla Regione \u00e8 la chiara fotografia di una Sardegna non ancora al passo con i tempi. Lo ho&#8230;<\/p>\n","protected":false},"author":2,"featured_media":223533,"comment_status":"closed","ping_status":"open","sticky":false,"template":"","format":"standard","meta":[],"categories":[49,52],"tags":[],"_links":{"self":[{"href":"https:\/\/www.cronacaonline.it\/index.php\/wp-json\/wp\/v2\/posts\/223532"}],"collection":[{"href":"https:\/\/www.cronacaonline.it\/index.php\/wp-json\/wp\/v2\/posts"}],"about":[{"href":"https:\/\/www.cronacaonline.it\/index.php\/wp-json\/wp\/v2\/types\/post"}],"author":[{"embeddable":true,"href":"https:\/\/www.cronacaonline.it\/index.php\/wp-json\/wp\/v2\/users\/2"}],"replies":[{"embeddable":true,"href":"https:\/\/www.cronacaonline.it\/index.php\/wp-json\/wp\/v2\/comments?post=223532"}],"version-history":[{"count":1,"href":"https:\/\/www.cronacaonline.it\/index.php\/wp-json\/wp\/v2\/posts\/223532\/revisions"}],"predecessor-version":[{"id":223534,"href":"https:\/\/www.cronacaonline.it\/index.php\/wp-json\/wp\/v2\/posts\/223532\/revisions\/223534"}],"wp:featuredmedia":[{"embeddable":true,"href":"https:\/\/www.cronacaonline.it\/index.php\/wp-json\/wp\/v2\/media\/223533"}],"wp:attachment":[{"href":"https:\/\/www.cronacaonline.it\/index.php\/wp-json\/wp\/v2\/media?parent=223532"}],"wp:term":[{"taxonomy":"category","embeddable":true,"href":"https:\/\/www.cronacaonline.it\/index.php\/wp-json\/wp\/v2\/categories?post=223532"},{"taxonomy":"post_tag","embeddable":true,"href":"https:\/\/www.cronacaonline.it\/index.php\/wp-json\/wp\/v2\/tags?post=223532"}],"curies":[{"name":"wp","href":"https:\/\/api.w.org\/{rel}","templated":true}]}}