{"id":223507,"date":"2022-06-24T13:11:06","date_gmt":"2022-06-24T11:11:06","guid":{"rendered":"https:\/\/www.cronacaonline.it\/?p=223507"},"modified":"2022-06-24T13:11:09","modified_gmt":"2022-06-24T11:11:09","slug":"assessore-fasolino-le-aree-snai-della-sardegna-diventano-quattro-entrano-nella-strategia-nazionale-i-progetti-barbagia-e-valle-del-cedrino","status":"publish","type":"post","link":"https:\/\/www.cronacaonline.it\/index.php\/2022\/06\/24\/assessore-fasolino-le-aree-snai-della-sardegna-diventano-quattro-entrano-nella-strategia-nazionale-i-progetti-barbagia-e-valle-del-cedrino\/","title":{"rendered":"Assessore Fasolino &#8211; Le aree Snai della Sardegna diventano quattro, entrano nella strategia nazionale i progetti Barbagia e valle del cedrino."},"content":{"rendered":"\n<p>Cagliari, 24 Giu 2022 -\u00a0Le aree Snai\u00a0diventano quattro: la Sardegna \u00e8 tra le 23 aree che hanno gi\u00e0 chiuso l\u2019istruttoria e tra le prime ammesse al finanziamento. La prima area pilota \u00e8 stata l\u2019Alta Marmilla, ha poi seguito lo stesso percorso della \u2018Strategia nazionale aree interne\u2019 anche il territorio del Gennargentu-Mandolisai e da ieri il Ministero per il Sud e la Coesione territoriale, promuovendo l'allargamento della SNAI per la programmazione 2021-2027, ha inserito anche la Barbagia e la Valle del Cedrino. Gli interventi saranno sostenuti dai Fondi strutturali europei della programmazione 2021-2027, ma anche da risorse nazionali legate principalmente al Fondo per lo Sviluppo e la Coesione: alla Sardegna per il programma di sviluppo delle aree Barbagia e Valle del Cedrino andr\u00e0 un finanziamento iniziale di 4 milioni di euro ad area. Altri 8 milioni, quattro a testa, verranno destinati alle prime due aree Snai. La copertura del programma per la Sardegna, considerate le quattro aree, arriva cos\u00ec a 16 milioni di euro. A queste risorse si aggiungeranno altri finanziamenti nazionali e fondi regionali a valere sul nuovo ciclo di programmazione una volta che il programma verr\u00e0 definito.<\/p>\n\n\n\n<p>\u201cPuntiamo a&nbsp;valorizzare l\u2019azione combinata dei fondi europei a sostegno dei territori fragili con un\u2019attivit\u00e0 di raccordo tra la programmazione europea e le politiche nazionali e regionali\u201d, ha spiegato l\u2019Assessore del Bilancio e&nbsp;della programmazione, Giuseppe Fasolino illustrando l\u2019incisiva azione portata avanti dall\u2019Assessorato per arrivare alla fase di ammissione delle nuove aree. \u201cLa Regione, impegnata nel dare continuit\u00e0 alla Strategia nell\u2019ambito del ciclo 2021-2027 attraverso la riconferma delle due aree prototipo, ha proceduto in questi mesi all\u2019individuazione di nuove aree prioritarie da candidare al percorso SNAI perch\u00e9 non coperte dalla programmazione territoriale e considerate strategiche per lo sviluppo economico della Sardegna\u201d.<\/p>\n\n\n\n<p>\u201cL\u2019inserimento di queste due aree interne della Sardegna nel piano del governo si inserisce nel solco delle numerosi azioni di contrasto al fenomeno dello spopolamento che questa Giunta sta portando avanti con l\u2019obiettivo di invertire il trend demografico sia in termini di numero di residenti, con una serie di misure di carattere economico finalizzate a far crescere le imprese e rendere attrattivo il territorio, e sia in termini di natalit\u00e0 con il bonus nascita inserito nell\u2019ultima manovra\u201d, ha aggiunto il Presidente della Regione Sardegna. Di concento con il Ministero si avvia ora il percorso di costruzione della strategia d\u2019area e dei progetti specifici per territorio.<\/p>\n\n\n\n<p>La Strategia Nazionale Aree Interne (SNAI) prevede di incrementare l\u2019offerta di servizi pubblici, per garantire i diritti di cittadinanza, precondizioni per lo sviluppo e per far crescere la domanda di lavoro, l\u2019occupazione e l\u2019utilizzo del capitale territoriale latente attraverso progetti di sviluppo locale. Le Aree Interne si caratterizzano infatti per la peculiarit\u00e0 delle risorse naturali, paesaggistiche, culturali e di saperi tradizionali ma anche per la distanza dai centri di offerta dei servizi essenziali, fattore che riduce il benessere della popolazione locale e limita le scelte e le opportunit\u00e0 dei cittadini su sanit\u00e0, istruzione, mobilit\u00e0 e digital divide.&nbsp;&nbsp;\u201cIl rilancio delle aree interne \u00e8 una sfida nella sfida \u2013 ha proseguito l\u2019Assessore Fasolino \u2013 La reattivit\u00e0 che la nostra Isola sapr\u00e0 dimostrare sul fronte della ripresa economica dovr\u00e0 essere accompagnata da un impegno straordinario per portare avanti questi piani di sviluppo su quattro aree di rilevanza regionale. Ora sar\u00e0 fondamentale entrare nella fase operativa e dare risposte concrete ai territori\u201d, ha concluso l\u2019esponente della Giunta sarda.&nbsp; Com<\/p>\n","protected":false},"excerpt":{"rendered":"<p>Cagliari, 24 Giu 2022 &#8211;\u00a0Le aree Snai\u00a0diventano quattro: la Sardegna \u00e8 tra le 23 aree che hanno gi\u00e0 chiuso l\u2019istruttoria e tra le prime ammesse&#8230;<\/p>\n","protected":false},"author":2,"featured_media":174882,"comment_status":"closed","ping_status":"open","sticky":false,"template":"","format":"standard","meta":[],"categories":[49,52],"tags":[],"_links":{"self":[{"href":"https:\/\/www.cronacaonline.it\/index.php\/wp-json\/wp\/v2\/posts\/223507"}],"collection":[{"href":"https:\/\/www.cronacaonline.it\/index.php\/wp-json\/wp\/v2\/posts"}],"about":[{"href":"https:\/\/www.cronacaonline.it\/index.php\/wp-json\/wp\/v2\/types\/post"}],"author":[{"embeddable":true,"href":"https:\/\/www.cronacaonline.it\/index.php\/wp-json\/wp\/v2\/users\/2"}],"replies":[{"embeddable":true,"href":"https:\/\/www.cronacaonline.it\/index.php\/wp-json\/wp\/v2\/comments?post=223507"}],"version-history":[{"count":1,"href":"https:\/\/www.cronacaonline.it\/index.php\/wp-json\/wp\/v2\/posts\/223507\/revisions"}],"predecessor-version":[{"id":223508,"href":"https:\/\/www.cronacaonline.it\/index.php\/wp-json\/wp\/v2\/posts\/223507\/revisions\/223508"}],"wp:featuredmedia":[{"embeddable":true,"href":"https:\/\/www.cronacaonline.it\/index.php\/wp-json\/wp\/v2\/media\/174882"}],"wp:attachment":[{"href":"https:\/\/www.cronacaonline.it\/index.php\/wp-json\/wp\/v2\/media?parent=223507"}],"wp:term":[{"taxonomy":"category","embeddable":true,"href":"https:\/\/www.cronacaonline.it\/index.php\/wp-json\/wp\/v2\/categories?post=223507"},{"taxonomy":"post_tag","embeddable":true,"href":"https:\/\/www.cronacaonline.it\/index.php\/wp-json\/wp\/v2\/tags?post=223507"}],"curies":[{"name":"wp","href":"https:\/\/api.w.org\/{rel}","templated":true}]}}