{"id":223447,"date":"2022-06-23T15:14:46","date_gmt":"2022-06-23T13:14:46","guid":{"rendered":"https:\/\/www.cronacaonline.it\/?p=223447"},"modified":"2022-06-23T15:14:49","modified_gmt":"2022-06-23T13:14:49","slug":"ricerca-e-innovazione-ieri-la-consulta-regionale-assessore-fasolino-ricerca-e-innovazione-sono-i-motori-dello-sviluppo-economico-della-sardegna","status":"publish","type":"post","link":"https:\/\/www.cronacaonline.it\/index.php\/2022\/06\/23\/ricerca-e-innovazione-ieri-la-consulta-regionale-assessore-fasolino-ricerca-e-innovazione-sono-i-motori-dello-sviluppo-economico-della-sardegna\/","title":{"rendered":"Ricerca e innovazione, ieri la consulta regionale. Assessore Fasolino: \u201cRicerca e innovazione sono i motori dello sviluppo economico della Sardegna\u201d."},"content":{"rendered":"\n<p>Cagliari, 23 Giu 2022\u00a0- Si sono svolti nella giornata di ieri i lavori della Consulta regionale per la ricerca scientifica e l'innovazione tecnologica chiamata a discutere sulla programmazione delle attivit\u00e0 relative all\u2019annualit\u00e0 2022, che vede impiegate risorse per 6 milioni di euro. Istituita con legge regionale n.7\/2007, che ne prevede risorse, funzionamento e composizione, la Consulta nell\u2019incontro avvenuto a Cagliari nella sede dell\u2019Assessorato della Programmazione e del Bilancio, ha visto la partecipazione di tutti i soggetti coinvolti tra cui i Rettori delle Universit\u00e0 di Cagliari e Sassari, i rappresentanti degli Enti pubblici di ricerca, delle aziende sanitarie e delle Fondazioni che operano nel campo della ricerca.<\/p>\n\n\n\n<p>\u201cRicerca e innovazione sono i motori dello sviluppo economico della Sardegna, le leve su cui puntare per adeguare il sistema sardo alla sfide di una societ\u00e0 in continua evoluzione con l'obiettivo di creare un sistema economico pi\u00f9 competitivo, capace di valorizzare i punti di forza della Sardegna, le sue specificit\u00e0 e i beni del suo patrimonio materiale e immateriale\u201d, ha spiegato il Presidente della Regione Sardegna, ricordando l\u2019impegno della Regione nei progetti di ricerca di rilevanza internazionale tra cui l\u2019Einstein Telescope di Lula, la riconversione dei pozzi minerari della Carbosulcis che sono divenuti risorsa\u00a0\u00a0e l\u2019International flight training school di Decimomannu. \u201cStiamo facendo un grande lavoro e uno sforzo enorme \u2013 ha proseguito il Presidente - perch\u00e9 quest\u2019Isola venga identificata non solo per le sue bellezze naturali e paesaggistiche, ormai unanimemente riconosciute,\u00a0ma anche affinch\u00e9 si consolidi nell\u2019immaginario internazionale la natura della Sardegna quale come ecosistema favorevole per l\u2019innovazione e la ricerca\u201d, ha concluso il Presidente. Com<\/p>\n\n\n\n<p><\/p>\n","protected":false},"excerpt":{"rendered":"<p>Cagliari, 23 Giu 2022\u00a0&#8211; Si sono svolti nella giornata di ieri i lavori della Consulta regionale per la ricerca scientifica e l&#8217;innovazione tecnologica chiamata a&#8230;<\/p>\n","protected":false},"author":2,"featured_media":174882,"comment_status":"closed","ping_status":"open","sticky":false,"template":"","format":"standard","meta":[],"categories":[49,52],"tags":[],"_links":{"self":[{"href":"https:\/\/www.cronacaonline.it\/index.php\/wp-json\/wp\/v2\/posts\/223447"}],"collection":[{"href":"https:\/\/www.cronacaonline.it\/index.php\/wp-json\/wp\/v2\/posts"}],"about":[{"href":"https:\/\/www.cronacaonline.it\/index.php\/wp-json\/wp\/v2\/types\/post"}],"author":[{"embeddable":true,"href":"https:\/\/www.cronacaonline.it\/index.php\/wp-json\/wp\/v2\/users\/2"}],"replies":[{"embeddable":true,"href":"https:\/\/www.cronacaonline.it\/index.php\/wp-json\/wp\/v2\/comments?post=223447"}],"version-history":[{"count":1,"href":"https:\/\/www.cronacaonline.it\/index.php\/wp-json\/wp\/v2\/posts\/223447\/revisions"}],"predecessor-version":[{"id":223448,"href":"https:\/\/www.cronacaonline.it\/index.php\/wp-json\/wp\/v2\/posts\/223447\/revisions\/223448"}],"wp:featuredmedia":[{"embeddable":true,"href":"https:\/\/www.cronacaonline.it\/index.php\/wp-json\/wp\/v2\/media\/174882"}],"wp:attachment":[{"href":"https:\/\/www.cronacaonline.it\/index.php\/wp-json\/wp\/v2\/media?parent=223447"}],"wp:term":[{"taxonomy":"category","embeddable":true,"href":"https:\/\/www.cronacaonline.it\/index.php\/wp-json\/wp\/v2\/categories?post=223447"},{"taxonomy":"post_tag","embeddable":true,"href":"https:\/\/www.cronacaonline.it\/index.php\/wp-json\/wp\/v2\/tags?post=223447"}],"curies":[{"name":"wp","href":"https:\/\/api.w.org\/{rel}","templated":true}]}}