{"id":223428,"date":"2022-06-23T12:47:01","date_gmt":"2022-06-23T10:47:01","guid":{"rendered":"https:\/\/www.cronacaonline.it\/?p=223428"},"modified":"2022-06-23T12:47:04","modified_gmt":"2022-06-23T10:47:04","slug":"lavoro-dichiarazione-di-romina-mura-pd-congedo-paternita-riequilibra-carichi-su-donne","status":"publish","type":"post","link":"https:\/\/www.cronacaonline.it\/index.php\/2022\/06\/23\/lavoro-dichiarazione-di-romina-mura-pd-congedo-paternita-riequilibra-carichi-su-donne\/","title":{"rendered":"Lavoro &#8211; Dichiarazione di Romina Mura (Pd): congedo paternit\u00e0\u00a0riequilibra carichi su donne."},"content":{"rendered":"\n<p>Cagliari, 23 Giu 2022- \u201cEssere\u00a0lavoratori\u00a0e\u00a0genitori\u00a0sar\u00e0 meno difficile. La proposta del ministro Orlando approvata dal Consiglio dei Ministri d\u00e0 nuove misure di sostegno a mamme e pap\u00e0 aiutando\u00a0a conciliare la vita\u00a0lavorativa\u00a0con quella\u00a0famigliare.\u00a0Con il recepimento delle direttive europee,\u00a0introducendo il congedo di paternit\u00e0 obbligatorio di 10 giorni lavorativi,\u00a0l\u2019Italia fa un passo avanti verso il riequilibrio dei carichi di cura usualmente portati dalle donne\u201d.\u00a0Lo rileva la presidente della commissione Lavoro della Camera Romina Mura (Pd), a proposito dell\u2019approvazione in via definitiva del dlgs che recepisce\u00a0la direttiva UE 2019\/1158 sull\u2019equilibrio tra attivit\u00e0 professionale e vita familiare, rivolta\u00a0a\u00a0tutti i lavoratori che abbiano compiti di cura come\u00a0genitori o prestatori di assistenza.<\/p>\n\n\n\n<p>\u201cImportante anche il&nbsp;riconoscimento \u2013 aggiunge Mura - della&nbsp;pari dignit\u00e0 alle lavoratrici autonome e alle libere professioniste,&nbsp;alle quali viene&nbsp;estesa&nbsp;l\u2019indennit\u00e0 di maternit\u00e0.&nbsp;Si va sempre pi\u00f9 affermando a livello legislativo il concetto fondamentale che le lavoratrici e i lavoratori autonomi devono essere&nbsp;tutelati non meno di quelli dipendente\u201d. Com<\/p>\n","protected":false},"excerpt":{"rendered":"<p>Cagliari, 23 Giu 2022- \u201cEssere\u00a0lavoratori\u00a0e\u00a0genitori\u00a0sar\u00e0 meno difficile. La proposta del ministro Orlando approvata dal Consiglio dei Ministri d\u00e0 nuove misure di sostegno a mamme e&#8230;<\/p>\n","protected":false},"author":2,"featured_media":205489,"comment_status":"closed","ping_status":"open","sticky":false,"template":"","format":"standard","meta":[],"categories":[49,52],"tags":[],"_links":{"self":[{"href":"https:\/\/www.cronacaonline.it\/index.php\/wp-json\/wp\/v2\/posts\/223428"}],"collection":[{"href":"https:\/\/www.cronacaonline.it\/index.php\/wp-json\/wp\/v2\/posts"}],"about":[{"href":"https:\/\/www.cronacaonline.it\/index.php\/wp-json\/wp\/v2\/types\/post"}],"author":[{"embeddable":true,"href":"https:\/\/www.cronacaonline.it\/index.php\/wp-json\/wp\/v2\/users\/2"}],"replies":[{"embeddable":true,"href":"https:\/\/www.cronacaonline.it\/index.php\/wp-json\/wp\/v2\/comments?post=223428"}],"version-history":[{"count":1,"href":"https:\/\/www.cronacaonline.it\/index.php\/wp-json\/wp\/v2\/posts\/223428\/revisions"}],"predecessor-version":[{"id":223429,"href":"https:\/\/www.cronacaonline.it\/index.php\/wp-json\/wp\/v2\/posts\/223428\/revisions\/223429"}],"wp:featuredmedia":[{"embeddable":true,"href":"https:\/\/www.cronacaonline.it\/index.php\/wp-json\/wp\/v2\/media\/205489"}],"wp:attachment":[{"href":"https:\/\/www.cronacaonline.it\/index.php\/wp-json\/wp\/v2\/media?parent=223428"}],"wp:term":[{"taxonomy":"category","embeddable":true,"href":"https:\/\/www.cronacaonline.it\/index.php\/wp-json\/wp\/v2\/categories?post=223428"},{"taxonomy":"post_tag","embeddable":true,"href":"https:\/\/www.cronacaonline.it\/index.php\/wp-json\/wp\/v2\/tags?post=223428"}],"curies":[{"name":"wp","href":"https:\/\/api.w.org\/{rel}","templated":true}]}}