{"id":223410,"date":"2022-06-22T19:00:05","date_gmt":"2022-06-22T17:00:05","guid":{"rendered":"https:\/\/www.cronacaonline.it\/?p=223410"},"modified":"2022-06-22T19:00:08","modified_gmt":"2022-06-22T17:00:08","slug":"rapporto-banca-ditalia-il-presidente-della-sardegna-dati-confermano-crescita-della-dellisola-anche-in-congiuntura-difficile","status":"publish","type":"post","link":"https:\/\/www.cronacaonline.it\/index.php\/2022\/06\/22\/rapporto-banca-ditalia-il-presidente-della-sardegna-dati-confermano-crescita-della-dellisola-anche-in-congiuntura-difficile\/","title":{"rendered":"Rapporto banca d\u2019Italia, il presidente della Sardegna: dati confermano crescita della dell\u2019Isola anche in congiuntura difficile."},"content":{"rendered":"\n<p>Cagliari, 22 Giu 2022 -\u00a0Anche nel 2021, pur in una congiuntura di grande difficolt\u00e0 e delicatezza, l'economia della Sardegna \u00e8 cresciuta, con un marcato incremento dell'attivit\u00e0 economica, l'irrobustimento dei consumi, la risalita degli investimenti e la ripresa della domanda estera per tutte le principali produzioni. I numeri attestano il frutto del grande sforzo compiuto dalla Regione a sostegno delle attivit\u00e0 produttive e delle famiglie sarde. Lo afferma in una nota il Presidente della Regione Sardegna, al rapporto annuale sul 2021 \"L'economia della Sardegna\" di Banca d\u2019Italia.<\/p>\n\n\n\n<p>Permangono certamente, dice il Presidente, fattori di debolezza legati a problemi annosi e alla situazione internazionale attuale, ma i dati della Banca d\u2019Italia, oltre ad attestare un generale stato di salute della nostra economia, ci spronano a proseguire nello sforzo straordinario in atto fin dall\u2019inizio della Legislatura.<\/p>\n\n\n\n<p>Nel 2021 il quadro di tutti i settori produttivi \u00e8 migliorato, mentre il fatturato \u00e8 tornato ad aumentare, segnando dati particolarmente positivi per le aziende dei settori alimentare, della chimica e dei metalli.<\/p>\n\n\n\n<p>Mostrano segnali positivi il settore edile, sia nel privato che per le opere pubbliche, e quello dei servizi, ed \u00e8 in forte ripresa il turismo, settore nel quale, dice il Presidente, i dati relativi all\u2019avvio della stagione ci confermano una forte crescita, su livelli superiori al 2019.<\/p>\n\n\n\n<p>Particolarmente significativo, dice ancora il Presidente, l\u2019aumento del numero degli occupati, nel quale si \u00e8 registrato un parziale recupero rispetto ai dati gravemente negativi del 2020, causati dalla pandemia. Determinanti, in questo senso, sono stati gli strumenti straordinari messi in campo dalla Regione per il mondo del lavoro: nessuno \u00e8 stato lasciato indietro.<\/p>\n\n\n\n<p>I dati di Bankitalia mostrano un incremento negli acquisti di beni durevoli e di servizi, in connessione anche con la ripresa del turismo.<\/p>\n\n\n\n<p>Il quadro che emerge dal rapporto della Banca d\u2019Italia, dice ancora il Presidente, pur non esente da ombre e da settori ancora in difficolt\u00e0, disegna il volto di una Sardegna capace non solo di resistere alla crisi, ma anche di guardare al futuro con fiducia.<\/p>\n\n\n\n<p>Restano da risolvere gravi problemi di fondo, come quello energetico, quello delle infrastrutture, quello dei trasporti.<\/p>\n\n\n\n<p>Oggi la Sardegna \u00e8 riconosciuta come capofila di quelle regioni insulari d\u2019Europa che rivendicano diritti troppo a lungo negati, che penalizzano la nostra economia rispetto alle altre regioni d\u2019Italia e dell\u2019Unione. Proseguiremo, conclude, a portare avanti questa grande battaglia, decisiva per il nostro sviluppo e per il benessere delle generazioni future. Com<\/p>\n","protected":false},"excerpt":{"rendered":"<p>Cagliari, 22 Giu 2022 &#8211;\u00a0Anche nel 2021, pur in una congiuntura di grande difficolt\u00e0 e delicatezza, l&#8217;economia della Sardegna \u00e8 cresciuta, con un marcato incremento&#8230;<\/p>\n","protected":false},"author":2,"featured_media":175055,"comment_status":"closed","ping_status":"open","sticky":false,"template":"","format":"standard","meta":[],"categories":[49,52],"tags":[],"_links":{"self":[{"href":"https:\/\/www.cronacaonline.it\/index.php\/wp-json\/wp\/v2\/posts\/223410"}],"collection":[{"href":"https:\/\/www.cronacaonline.it\/index.php\/wp-json\/wp\/v2\/posts"}],"about":[{"href":"https:\/\/www.cronacaonline.it\/index.php\/wp-json\/wp\/v2\/types\/post"}],"author":[{"embeddable":true,"href":"https:\/\/www.cronacaonline.it\/index.php\/wp-json\/wp\/v2\/users\/2"}],"replies":[{"embeddable":true,"href":"https:\/\/www.cronacaonline.it\/index.php\/wp-json\/wp\/v2\/comments?post=223410"}],"version-history":[{"count":1,"href":"https:\/\/www.cronacaonline.it\/index.php\/wp-json\/wp\/v2\/posts\/223410\/revisions"}],"predecessor-version":[{"id":223411,"href":"https:\/\/www.cronacaonline.it\/index.php\/wp-json\/wp\/v2\/posts\/223410\/revisions\/223411"}],"wp:featuredmedia":[{"embeddable":true,"href":"https:\/\/www.cronacaonline.it\/index.php\/wp-json\/wp\/v2\/media\/175055"}],"wp:attachment":[{"href":"https:\/\/www.cronacaonline.it\/index.php\/wp-json\/wp\/v2\/media?parent=223410"}],"wp:term":[{"taxonomy":"category","embeddable":true,"href":"https:\/\/www.cronacaonline.it\/index.php\/wp-json\/wp\/v2\/categories?post=223410"},{"taxonomy":"post_tag","embeddable":true,"href":"https:\/\/www.cronacaonline.it\/index.php\/wp-json\/wp\/v2\/tags?post=223410"}],"curies":[{"name":"wp","href":"https:\/\/api.w.org\/{rel}","templated":true}]}}