{"id":223392,"date":"2022-06-22T15:43:41","date_gmt":"2022-06-22T13:43:41","guid":{"rendered":"https:\/\/www.cronacaonline.it\/?p=223392"},"modified":"2022-06-22T15:43:44","modified_gmt":"2022-06-22T13:43:44","slug":"consiglio-sardegna-riforma-degli-enti-locali-presto-il-testo-in-commissione-prima","status":"publish","type":"post","link":"https:\/\/www.cronacaonline.it\/index.php\/2022\/06\/22\/consiglio-sardegna-riforma-degli-enti-locali-presto-il-testo-in-commissione-prima\/","title":{"rendered":"Consiglio Sardegna &#8211; Riforma degli enti locali, presto il testo in commissione Prima."},"content":{"rendered":"\n<p>Cagliari,22 Giu 2022 - L\u2019assessore agli Enti Locali, Quirico Sanna, ha annunciato questa mattina che \u201cil testo modificativo della legge 7 del 2021, dichiarata illegittima dalla Corte Costituzionale, \u00e8 stato elaborato dagli uffici e presto sar\u00e0 a disposizione della commissione e del Consiglio regionale\u201d.<\/p>\n\n\n\n<p>L\u2019assessore Sanna, in audizione presso la commissione prima presieduta dal vice presidente Salvatore Corrias, ha proseguito: \u201cAbbiamo predisposto un intervento legislativo che consentir\u00e0 ai Comuni interessati di indire i re referendum per esprimere la volont\u00e0 di aderire a una provincia. Saranno inoltre fatte salve le manifestazioni di volont\u00e0 dei Comuni e delle popolazioni che si sono gi\u00e0 espresse prima che la Consulta dichiarasse l\u2019illegittimit\u00e0 del testo normativo. Contiamo di celebrare le elezioni delle province nel 2023 e saranno elezioni di primo livello\u201d.<\/p>\n\n\n\n<p>L\u2019assessore ha annunciato anche di aver sottoscritto oggi il decreto che recepisce l\u2019accordo tra i Comuni di Cagliari e Monserrato relativamente alla titolarit\u00e0 del patrimonio immobiliare pubblico edificato nella zona di Riu Saliu e Su Mulinu prima del raggiungimento dell\u2019autonomia amministrativa di Monserrato, il 18 novembre 1191. Red<\/p>\n","protected":false},"excerpt":{"rendered":"<p>Cagliari,22 Giu 2022 &#8211; L\u2019assessore agli Enti Locali, Quirico Sanna, ha annunciato questa mattina che \u201cil testo modificativo della legge 7 del 2021, dichiarata illegittima&#8230;<\/p>\n","protected":false},"author":2,"featured_media":12943,"comment_status":"closed","ping_status":"open","sticky":false,"template":"","format":"standard","meta":[],"categories":[49,52],"tags":[],"_links":{"self":[{"href":"https:\/\/www.cronacaonline.it\/index.php\/wp-json\/wp\/v2\/posts\/223392"}],"collection":[{"href":"https:\/\/www.cronacaonline.it\/index.php\/wp-json\/wp\/v2\/posts"}],"about":[{"href":"https:\/\/www.cronacaonline.it\/index.php\/wp-json\/wp\/v2\/types\/post"}],"author":[{"embeddable":true,"href":"https:\/\/www.cronacaonline.it\/index.php\/wp-json\/wp\/v2\/users\/2"}],"replies":[{"embeddable":true,"href":"https:\/\/www.cronacaonline.it\/index.php\/wp-json\/wp\/v2\/comments?post=223392"}],"version-history":[{"count":1,"href":"https:\/\/www.cronacaonline.it\/index.php\/wp-json\/wp\/v2\/posts\/223392\/revisions"}],"predecessor-version":[{"id":223393,"href":"https:\/\/www.cronacaonline.it\/index.php\/wp-json\/wp\/v2\/posts\/223392\/revisions\/223393"}],"wp:featuredmedia":[{"embeddable":true,"href":"https:\/\/www.cronacaonline.it\/index.php\/wp-json\/wp\/v2\/media\/12943"}],"wp:attachment":[{"href":"https:\/\/www.cronacaonline.it\/index.php\/wp-json\/wp\/v2\/media?parent=223392"}],"wp:term":[{"taxonomy":"category","embeddable":true,"href":"https:\/\/www.cronacaonline.it\/index.php\/wp-json\/wp\/v2\/categories?post=223392"},{"taxonomy":"post_tag","embeddable":true,"href":"https:\/\/www.cronacaonline.it\/index.php\/wp-json\/wp\/v2\/tags?post=223392"}],"curies":[{"name":"wp","href":"https:\/\/api.w.org\/{rel}","templated":true}]}}