{"id":223384,"date":"2022-06-22T12:15:35","date_gmt":"2022-06-22T10:15:35","guid":{"rendered":"https:\/\/www.cronacaonline.it\/?p=223384"},"modified":"2022-06-22T12:15:38","modified_gmt":"2022-06-22T10:15:38","slug":"presentato-il-nuovo-gruppo-leu-art-1-demos-possibile-siamo-la-seconda-forza-dellopposizione","status":"publish","type":"post","link":"https:\/\/www.cronacaonline.it\/index.php\/2022\/06\/22\/presentato-il-nuovo-gruppo-leu-art-1-demos-possibile-siamo-la-seconda-forza-dellopposizione\/","title":{"rendered":"Presentato il nuovo gruppo Leu-Art.1-Demos-Possibile: \u201cSiamo la seconda forza dell\u2019opposizione\u201d."},"content":{"rendered":"\n<p>Cagliari, 22 Giu 2022 \u2013 Siamo il secondo gruppo di opposizione in Consiglio regionale e il nostro obiettivo \u00e8 quello di costruire da subito una alternativa di sinistra alle macerie del centrodestra, partendo da grandi temi come lavoro, sviluppo, diritti ed ambiente. Lo ha dichiarato Eugenio Lai, neo-presidente del gruppo costituito da Leu, Art.1, Demos e Possibile, forze diverse, ha aggiunto Lai, che vogliono lavorare alla ricomposizione del \u201ccampo\u201d della sinistra dialogando con tutti, anche col mondo autonomista ed indipendentista, per prepararci a governare la Sardegna.<\/p>\n\n\n\n<p>Il nostro \u00e8 un progetto che nasce da lontano, ha sottolineato Laura Caddeo, esponente di Demos, con lo scopo di affermare una visione diversa della Sardegna partendo dal basso, a stretto contatto con le comunit\u00e0 locali e le associazioni di cittadini, giovani e donne che vogliono partecipare in modo attivo alla vita pubblica. Mancano 18 mesi alle prossime elezioni regionali, ha proseguito la Caddeo, e forse non c\u2019\u00e8 tempo per fare buone leggi ma esiste purtroppo la possibilit\u00e0 che la maggioranza faccia altre cattive leggi, ed il nostro impegno sar\u00e0 di impedirlo.<\/p>\n\n\n\n<p>Riprendendo il tema del legame con le comunit\u00e0 locali Maria Laur\u00e0 Orr\u00f9, anche nella sua veste di Sindaco di Elmas, ha citato l\u2019esempio del suo Comune per mettere in luce che la coalizione premiata dagli elettori \u00e8 stata costruita anche con la generosit\u00e0 delle forze politiche maggiori, capaci di aggregare le energie migliori della realt\u00e0 locale. \u00c8 un percorso impegnativo che abbiamo condiviso con entusiasmo, ha detto ancora la Orr\u00f9, e ci proponiamo di estendere ad altre realt\u00e0 grandi e piccole della Regione, ha concluso ricordando la costituzione di un nuovo gruppo al Comune di Cagliari.<\/p>\n\n\n\n<p>Sono davvero molto contento, ha esordito Daniele Cocco, di avere con noi due colleghe di valore con le quali abbiamo combattuto in Consiglio molte battaglie contro il malgoverno del centro-destra: stallo delle Asl senza bilanci per la mancata nomina dei revisori dei conti, nuova crisi di Forestas nel bel mezzo della campagna antincendi, diritto alla salute negato a migliaia di sardi, blocco dello scorrimento delle graduatorie in tutto il sistema Regione per finire col \u201cfalso rimpasto\u201d che dovrebbe dare al Psd\u2019Az un assessorato in pi\u00f9. C\u2019\u00e8 tantissimo da fare, ha detto infine Cocco, e vogliamo metterci subito al lavoro con un progetto politico nuovo che per la sinistra sarda pu\u00f2 e deve essere un nuovo inizio. Com<\/p>\n","protected":false},"excerpt":{"rendered":"<p>Cagliari, 22 Giu 2022 \u2013 Siamo il secondo gruppo di opposizione in Consiglio regionale e il nostro obiettivo \u00e8 quello di costruire da subito una&#8230;<\/p>\n","protected":false},"author":2,"featured_media":192510,"comment_status":"closed","ping_status":"open","sticky":false,"template":"","format":"standard","meta":[],"categories":[49,52],"tags":[],"_links":{"self":[{"href":"https:\/\/www.cronacaonline.it\/index.php\/wp-json\/wp\/v2\/posts\/223384"}],"collection":[{"href":"https:\/\/www.cronacaonline.it\/index.php\/wp-json\/wp\/v2\/posts"}],"about":[{"href":"https:\/\/www.cronacaonline.it\/index.php\/wp-json\/wp\/v2\/types\/post"}],"author":[{"embeddable":true,"href":"https:\/\/www.cronacaonline.it\/index.php\/wp-json\/wp\/v2\/users\/2"}],"replies":[{"embeddable":true,"href":"https:\/\/www.cronacaonline.it\/index.php\/wp-json\/wp\/v2\/comments?post=223384"}],"version-history":[{"count":1,"href":"https:\/\/www.cronacaonline.it\/index.php\/wp-json\/wp\/v2\/posts\/223384\/revisions"}],"predecessor-version":[{"id":223385,"href":"https:\/\/www.cronacaonline.it\/index.php\/wp-json\/wp\/v2\/posts\/223384\/revisions\/223385"}],"wp:featuredmedia":[{"embeddable":true,"href":"https:\/\/www.cronacaonline.it\/index.php\/wp-json\/wp\/v2\/media\/192510"}],"wp:attachment":[{"href":"https:\/\/www.cronacaonline.it\/index.php\/wp-json\/wp\/v2\/media?parent=223384"}],"wp:term":[{"taxonomy":"category","embeddable":true,"href":"https:\/\/www.cronacaonline.it\/index.php\/wp-json\/wp\/v2\/categories?post=223384"},{"taxonomy":"post_tag","embeddable":true,"href":"https:\/\/www.cronacaonline.it\/index.php\/wp-json\/wp\/v2\/tags?post=223384"}],"curies":[{"name":"wp","href":"https:\/\/api.w.org\/{rel}","templated":true}]}}