{"id":223380,"date":"2022-06-22T11:51:43","date_gmt":"2022-06-22T09:51:43","guid":{"rendered":"https:\/\/www.cronacaonline.it\/?p=223380"},"modified":"2022-06-22T11:51:43","modified_gmt":"2022-06-22T09:51:43","slug":"scuola-varato-il-calendario-scolastico-2022-2023-si-parte-il-14-settembre-per-tutte-le-scuole-della-sardegna-con-204-giorni-di-lezione","status":"publish","type":"post","link":"https:\/\/www.cronacaonline.it\/index.php\/2022\/06\/22\/scuola-varato-il-calendario-scolastico-2022-2023-si-parte-il-14-settembre-per-tutte-le-scuole-della-sardegna-con-204-giorni-di-lezione\/","title":{"rendered":"Scuola: varato il calendario scolastico 2022\/2023. Si parte il 14 settembre per tutte le scuole della Sardegna con 204 giorni di lezione."},"content":{"rendered":"\n<p>Cagliari, 22 Giu 2022 \u2013\u00a0Approvato il calendario scolastico 2022\/2023 per la Regione Sardegna. Inizier\u00e0\u00a0il 14 settembre prossimo per tutte le scuole di ogni ordine e grado della Sardegna e, limitatamente alla scuola primaria e alla secondaria di primo e secondo grado, si concludano il giorno 10 giugno 2023. In considerazione della specificit\u00e0 del servizio educativo offerto, le scuole dell'infanzia protrarranno le attivit\u00e0 didattiche al 30 giugno 2023.<\/p>\n\n\n\n<p>L\u2019Assessore della Pubblica Istruzione, Andrea Biancareddu ricorda che la determinazione del calendario delle festivit\u00e0 nazionali e degli esami di Stato \u00e8 competenza dello Stato, pertanto si intende provvedere alla formulazione del calendario scolastico regionale per l'anno scolastico 2022\/2023, al fine di consentire la programmazione didattica delle Istituzioni scolastiche autonome, la predisposizione dei servizi di competenza degli Enti Locali e l'organizzazione della vita familiare. Inoltre, tenuto conto dell'esigenza di dover assicurare una durata delle lezioni non inferiore ai 200 giorni e che le istituzioni scolastiche, nell'ambito della loro autonomia, possono adattare il calendario scolastico a specifiche esigenze locali oltre che didattiche, l'Assessore Biancareddu precisa che le singole Istituzioni scolastiche, ivi comprese le scuole dell'infanzia, per motivate esigenze e previo accordo con gli enti territoriali competenti ad assicurare i servizi per il diritto allo studio, possono deliberare l'anticipazione della data di inizio delle lezioni.<\/p>\n\n\n\n<p>Sono previsti 206 giorni di lezione che si riducono a 204 per via dei due giorni a disposizione delle singole istituzioni scolastiche.<\/p>\n\n\n\n<p>Stabilite inoltre le seguenti sospensioni per le festivit\u00e0 nazionali fissate dalla normativa statale. Tutte le domeniche, 1\u00b0 novembre \u2013 festa di tutti i Santi, 8 dicembre - Immacolata Concezione, 25 dicembre \u2013 Natale, 26 dicembre - Santo Stefano,&nbsp;1\u00b0 gennaio \u2013 Capodanno, 6 gennaio \u2013 Epifania, luned\u00ec dopo Pasqua, 25 aprile - anniversario della Liberazione, 1\u00b0 maggio - festa del Lavoro, 2 giugno - festa nazionale della Repubblica,&nbsp;festa del Santo Patrono, secondo la normativa vigente.<\/p>\n\n\n\n<p>Inoltre sono previste le seguenti sospensioni delle lezioni: - 2 novembre: commemorazione dei defunti, - vacanze natalizie: dal 23 al 31 dicembre, dal 2 al 5 gennaio; - vacanze di carnevale, il marted\u00ec antecedente l\u2019avvio del periodo quaresimale, - vacanze pasquali con i 3 giorni precedenti la domenica di Pasqua e il marted\u00ec immediatamente successivo al Luned\u00ec dell\u2019Angelo, - 28 aprile,&nbsp;Sa Die de sa Sardigna.<\/p>\n\n\n\n<p>A disposizione del Consiglio di Istituto 2 giorni, che diventa 1 nel caso in cui la Festa del Santo Patrono del Comune di pertinenza ricada nel periodo scolastico. I giorni di lezione che risultano nel calendario scolastico regionale sono cos\u00ec ripartiti (non si tiene conto del giorno del Santo patrono, che pu\u00f2 ricadere anche al di fuori del periodo scolastico).&nbsp;&nbsp;Settembre 2022: giorni 15,&nbsp;Ottobre 2022: giorni 26, Novembre 2022: giorni 24, - Dicembre 2022: giorni 18, - Gennaio 2023: giorni 21, - Febbraio 2023: giorni: 23, - Marzo 2023: giorni 27, - Aprile 2023: giorni 18, - Maggio 2023: giorni 26, - Giugno 2023: giorni 8, per un totale di 206 giorni di scuola che si riducono a 204 per via dei due giorni a disposizione delle singole istituzioni scolastiche. Nel caso in cui le lezioni si svolgano su cinque giorni settimanali, il conteggio complessivo dei giorni di lezione \u00e8 di 171, che divengono 169 con l\u2019utilizzo delle giornate a disposizione con la festa del Santo patrono.<\/p>\n\n\n\n<p>Le istituzioni scolastiche, nel rispetto del monte ore annuale previsto per le singole discipline e attivit\u00e0 obbligatorie, possono disporre gli eventuali ed opportuni adattamenti del calendario scolastico d\u2019istituto - debitamente motivati e deliberati dall\u2019istituto scolastico o formativo e comunicati tempestivamente alle famiglie entro l\u2019avvio delle lezioni. Per esigenze derivanti dal Piano dell\u2019Offerta Formativa.<\/p>\n\n\n\n<p>Qualora l\u2019adattamento del calendario comporti sospensione delle lezioni, nel limite massimo di tre giorni annuali, \u00e8 necessario un preventivo accordo con gli enti territoriali competenti ad assicurare i servizi per il diritto allo studio. Per esigenze connesse a specificit\u00e0 dell\u2019istituzione scolastica determinate da disposizioni normative di carattere particolare. \u201cIl calendario scolastico \u2013 sottolinea Biancareddu - si configura come strumento di programmazione territoriale, in considerazione delle ripercussioni che le scansioni temporali stabilite hanno sull'organizzazione della vita familiare degli alunni nonch\u00e9 dei servizi connessi alle attivit\u00e0 didattiche, tenuto conto anche dell'impegno assunto dalle competenti autonomie locali. Ricordo anche che, riconosciuto il valore dell'autonomia scolastica che, in raccordo con gli Enti territoriali erogatori dei servizi connessi alle attivit\u00e0 didattiche, pu\u00f2 meglio rispondere sia alle finalit\u00e0 educative e formative sia alle esigenze di flessibilit\u00e0 dell'offerta formativa, potrebbe apportare modifiche al calendario scolastico con&nbsp;&nbsp;eventuali adattamenti che possono riguardare la data di inizio delle lezioni, una diversa articolazione delle vacanze natalizie e pasquali nonch\u00e9 la sospensione, nel corso dell'anno scolastico, delle attivit\u00e0 educative o didattiche qualora ritenute funzionali al migliore svolgimento dell'offerta formativa\u201d. Com<\/p>\n","protected":false},"excerpt":{"rendered":"<p>Cagliari, 22 Giu 2022 \u2013\u00a0Approvato il calendario scolastico 2022\/2023 per la Regione Sardegna. Inizier\u00e0\u00a0il 14 settembre prossimo per tutte le scuole di ogni ordine e&#8230;<\/p>\n","protected":false},"author":2,"featured_media":196029,"comment_status":"closed","ping_status":"open","sticky":false,"template":"","format":"standard","meta":[],"categories":[49,52],"tags":[],"_links":{"self":[{"href":"https:\/\/www.cronacaonline.it\/index.php\/wp-json\/wp\/v2\/posts\/223380"}],"collection":[{"href":"https:\/\/www.cronacaonline.it\/index.php\/wp-json\/wp\/v2\/posts"}],"about":[{"href":"https:\/\/www.cronacaonline.it\/index.php\/wp-json\/wp\/v2\/types\/post"}],"author":[{"embeddable":true,"href":"https:\/\/www.cronacaonline.it\/index.php\/wp-json\/wp\/v2\/users\/2"}],"replies":[{"embeddable":true,"href":"https:\/\/www.cronacaonline.it\/index.php\/wp-json\/wp\/v2\/comments?post=223380"}],"version-history":[{"count":1,"href":"https:\/\/www.cronacaonline.it\/index.php\/wp-json\/wp\/v2\/posts\/223380\/revisions"}],"predecessor-version":[{"id":223381,"href":"https:\/\/www.cronacaonline.it\/index.php\/wp-json\/wp\/v2\/posts\/223380\/revisions\/223381"}],"wp:featuredmedia":[{"embeddable":true,"href":"https:\/\/www.cronacaonline.it\/index.php\/wp-json\/wp\/v2\/media\/196029"}],"wp:attachment":[{"href":"https:\/\/www.cronacaonline.it\/index.php\/wp-json\/wp\/v2\/media?parent=223380"}],"wp:term":[{"taxonomy":"category","embeddable":true,"href":"https:\/\/www.cronacaonline.it\/index.php\/wp-json\/wp\/v2\/categories?post=223380"},{"taxonomy":"post_tag","embeddable":true,"href":"https:\/\/www.cronacaonline.it\/index.php\/wp-json\/wp\/v2\/tags?post=223380"}],"curies":[{"name":"wp","href":"https:\/\/api.w.org\/{rel}","templated":true}]}}