{"id":223346,"date":"2022-06-21T18:04:53","date_gmt":"2022-06-21T16:04:53","guid":{"rendered":"https:\/\/www.cronacaonline.it\/?p=223346"},"modified":"2022-06-21T18:04:56","modified_gmt":"2022-06-21T16:04:56","slug":"acqua-lassessore-salaris-positiva-gestione-della-risorsa-salvaguardato-uso-potabile-tutelate-le-necessita-in-ambito-sanitario","status":"publish","type":"post","link":"https:\/\/www.cronacaonline.it\/index.php\/2022\/06\/21\/acqua-lassessore-salaris-positiva-gestione-della-risorsa-salvaguardato-uso-potabile-tutelate-le-necessita-in-ambito-sanitario\/","title":{"rendered":"Acqua, l\u2019assessore Salaris: \u201cpositiva gestione della risorsa. Salvaguardato uso potabile, tutelate le necessit\u00e0 in ambito sanitario\u201d."},"content":{"rendered":"\n<p>Cagliari, 21 Giu 2022 -\u00a0\u201cLa task forse di monitoraggio sui volumi idrici degli invasi, che coinvolge Regione e Autorit\u00e0 di bacino, proseguir\u00e0 la sua attivit\u00e0 per tutto la stagione estiva in maniera tale da garantire il fabbisogno e predisporre eventuali piani d\u2019emergenza qualora si rendessero necessari, senza intaccare le scorte che verranno destinate in via esclusiva a ospedali e presidi sanitari\u201d.\u00a0\u00a0Lo ha detto l\u2019assessore dei Lavori Pubblici, Aldo Salaris, commentando i dati relativi alla capienza degli invasi che quest\u2019anno, nonostante la mancanza di precipitazioni da dicembre a marzo, \u00e8 all'80% per effetto delle piogge precedenti e di una buona gestione della risorsa.<\/p>\n\n\n\n<p>\u201cResta alta l\u2019attenzione sugli invasi del Nord, Bidighinzu in particolare, ma anche laddove non riusciamo a garantire acqua ai fini irrigui nelle quantit\u00e0 richieste come per la Valle dei Giunchi (unica eccezione), abbiamo predisposto un piano d\u2019urto tale da garantire l\u2019acqua finch\u00e9 sar\u00e0 possibile, salvaguardando per\u00f2 l\u2019uso potabile e la destinazione in ambito sanitario che, specie in questo momento ancora critico e con l\u2019aumento delle presenze estive, non pu\u00f2 venire in alcun modo intaccata\u201d.&nbsp;<\/p>\n\n\n\n<p>Guardando al dato - in termini assoluti il volume complessivo \u00e8 pari a circa 1,480 miliardi di metri cubi - l\u2019Assessore ha evidenziato l\u2019importante attivit\u00e0 portata avanti sul fronte idrico nel corso dell\u2019ultimo anno. \u201cLa sinergia tra i soggetti che fanno capo al mondo dell\u2019acqua e la Regione ha consentito una gestione ottimale della risorsa presente con importanti integrazioni che hanno dato risposta soprattutto alle esigenze del comparto irriguo\u201d. Com<\/p>\n","protected":false},"excerpt":{"rendered":"<p>Cagliari, 21 Giu 2022 &#8211;\u00a0\u201cLa task forse di monitoraggio sui volumi idrici degli invasi, che coinvolge Regione e Autorit\u00e0 di bacino, proseguir\u00e0 la sua attivit\u00e0&#8230;<\/p>\n","protected":false},"author":2,"featured_media":205251,"comment_status":"closed","ping_status":"open","sticky":false,"template":"","format":"standard","meta":[],"categories":[49,52],"tags":[],"_links":{"self":[{"href":"https:\/\/www.cronacaonline.it\/index.php\/wp-json\/wp\/v2\/posts\/223346"}],"collection":[{"href":"https:\/\/www.cronacaonline.it\/index.php\/wp-json\/wp\/v2\/posts"}],"about":[{"href":"https:\/\/www.cronacaonline.it\/index.php\/wp-json\/wp\/v2\/types\/post"}],"author":[{"embeddable":true,"href":"https:\/\/www.cronacaonline.it\/index.php\/wp-json\/wp\/v2\/users\/2"}],"replies":[{"embeddable":true,"href":"https:\/\/www.cronacaonline.it\/index.php\/wp-json\/wp\/v2\/comments?post=223346"}],"version-history":[{"count":1,"href":"https:\/\/www.cronacaonline.it\/index.php\/wp-json\/wp\/v2\/posts\/223346\/revisions"}],"predecessor-version":[{"id":223347,"href":"https:\/\/www.cronacaonline.it\/index.php\/wp-json\/wp\/v2\/posts\/223346\/revisions\/223347"}],"wp:featuredmedia":[{"embeddable":true,"href":"https:\/\/www.cronacaonline.it\/index.php\/wp-json\/wp\/v2\/media\/205251"}],"wp:attachment":[{"href":"https:\/\/www.cronacaonline.it\/index.php\/wp-json\/wp\/v2\/media?parent=223346"}],"wp:term":[{"taxonomy":"category","embeddable":true,"href":"https:\/\/www.cronacaonline.it\/index.php\/wp-json\/wp\/v2\/categories?post=223346"},{"taxonomy":"post_tag","embeddable":true,"href":"https:\/\/www.cronacaonline.it\/index.php\/wp-json\/wp\/v2\/tags?post=223346"}],"curies":[{"name":"wp","href":"https:\/\/api.w.org\/{rel}","templated":true}]}}