{"id":223286,"date":"2022-06-20T16:26:27","date_gmt":"2022-06-20T14:26:27","guid":{"rendered":"https:\/\/www.cronacaonline.it\/?p=223286"},"modified":"2022-06-20T16:26:30","modified_gmt":"2022-06-20T14:26:30","slug":"pnrr-il-presidente-della-regione-sardegna-intervenire-per-semplificare-e-agevolare-la-spendita-delle-risorse-dalla-regione-cabina-di-regia-per-assistere-i-comuni","status":"publish","type":"post","link":"https:\/\/www.cronacaonline.it\/index.php\/2022\/06\/20\/pnrr-il-presidente-della-regione-sardegna-intervenire-per-semplificare-e-agevolare-la-spendita-delle-risorse-dalla-regione-cabina-di-regia-per-assistere-i-comuni\/","title":{"rendered":"Pnrr, il presidente della Regione Sardegna: \u201cintervenire per semplificare e agevolare la spendita delle risorse. Dalla regione cabina di regia per assistere i comuni\u201d."},"content":{"rendered":"\n<p>Cagliari, 20 Giu 2022 \u2013\u00a0Il Pnrr \u00e8 uno strumento fondamentale che l\u2019Europa si \u00e8 data per rispondere alla crisi dovuta alla pandemia ma questa straordinaria mole di risorse deve essere accompagnata da altrettante misure di semplificazione, sburocratizzazione e strumenti straordinari per gestire la spendita di risorse. Lo ha detto il Presidente della Regione Sardegna, alla presenza dei Ministri del Turismo, Massimo Garavaglia e della Ministra per le Pari opportunit\u00e0, Elena Bonetti, nel corso dell\u2019iniziativa \u2018Dialoghi sul piano nazionale di ripresa e resilienza\u2019 promossa dalla Presidenza del Consiglio dei Ministri a livello nazionale con l\u2019intenzione di condividere con le Regioni i contenuti, i percorsi e le opportunit\u00e0 derivanti dal Pnrr. Il Presidente Solinas ha evidenziato i rischi derivanti dalla gestione dei fondi. Articolando il discorso sulla base di tre ordini di priorit\u00e0, il Presidente si \u00e8 soffermato sulla realt\u00e0 e sulle peculiarit\u00e0 della Sardegna.<\/p>\n\n\n\n<p>\u201cAbbiamo davanti uno strumento ideato dall\u2019Europa per rimuovere nel nostro Paese il grande gap infrastrutturale tra Nord e Sud e che prevede una grande quota di denari a fondo perduto affinch\u00e9 l\u2019indice che segna questo gap venga ridotto \u2013 ha evidenziato il Presidente illustrando ai ministri la situazione sarda - Fatto 100 l\u2019indice di infrastrutturazione, la Sardegna si ferma a 50. Se ridurre questo gap \u00e8 il vero obiettivo \u2013 ha proseguito il Presidente \u2013 non posso ignorare le criticit\u00e0 che incontreranno i Comuni dato che in Sardegna abbiamo tanti Comuni&nbsp;sottodimensionati, che non poche difficolt\u00e0 avranno nella predisposizione e gestione dei bandi\u201d. Ed \u00e8 proprio per sostenere le Amministrazioni comunali che \u00e8 stata istituita una Cabina di regia che con il supporto delle Universit\u00e0 fornir\u00e0 aiuto ai Comuni o alle aggregazioni di Comuni, gi\u00e0 destinatari di ulteriori strumenti \u2013 in aggiunta a quelli nazionali - messi in campo sempre dalla Regione per agevolare le attivit\u00e0 come il Fondo progettazioni del valore di 40 milioni di euro (introdotto con l\u2019ultima manovra per anticipare ai Comuni le risorse necessarie utili a portare avanti tutte le fasi della progettazione), oltre ai 5 milioni di euro come assistenza tecnica messi in campo per supportarli nelle fasi amministrative, comprese quelle di spendita e certificazione.<\/p>\n\n\n\n<p>Legato alla prima considerazione del Presidente \u00e8 anche il secondo rischio, evidenziato sempre nel corso dell\u2019iniziativa: \u201cDavanti alla straordinariet\u00e0 delle risorse messe in campo \u2013 ha spiegato il Presidente - servirebbero altrettante misure di semplificazione e strumenti straordinari per governare non solo la progettazione ma anche la spendita delle risorse. Se abbiamo a disposizione un codice appalti che ci ha dato risultati farraginosi viene difficile accelerare i percorsi\u201d, ha detto il Presidente riferendosi alle strade di cui \u00e8 Commissario straordinario ma, ha evidenziato \u201ccon gli stessi poteri che aveva Anas\u201d.<\/p>\n\n\n\n<p>Il Presidente ha anche evidenziato l\u2019evolversi della situazione, alla luce della quale sono sorte quelle esigenze difficilmente immaginabili nel corso della predisposizione del Pnrr, in primis la guerra. \u201cNoi oggi ragioniamo su una programmazione di priorit\u00e0 fissate prima della guerra, delle sanzioni, dell\u2019aumento dei costi delle materie prime e di una serie di turbolenze che il mercato avr\u00e0 da qui a breve sia in ragione dell\u2019aumento dei tassi di interesse sia in ragione del fatto che cesser\u00e0 l\u2019acquisto netto di titoli a copertura del debito pubblico\u201d, ha spiegato il Presidente invitando gli esponenti del Governo presenti a una ulteriore riflessione: \u201cC\u2019\u00e8 tempo per ottimizzare quello che manca in maniera tale che l\u2019efficacia della spesa di queste risorse sia percepibile dai cittadini e ci sia&nbsp; davvero un salto di qualit\u00e0 delle regioni, affinch\u00e9 anche quelle del Sud, come quelle del Nord, diano uguali opportunit\u00e0 ai cittadini e a tutte le imprese\u201d, ha concluso il Presidente. Com<\/p>\n","protected":false},"excerpt":{"rendered":"<p>Cagliari, 20 Giu 2022 \u2013\u00a0Il Pnrr \u00e8 uno strumento fondamentale che l\u2019Europa si \u00e8 data per rispondere alla crisi dovuta alla pandemia ma questa straordinaria&#8230;<\/p>\n","protected":false},"author":2,"featured_media":187128,"comment_status":"closed","ping_status":"open","sticky":false,"template":"","format":"standard","meta":[],"categories":[49,52],"tags":[],"_links":{"self":[{"href":"https:\/\/www.cronacaonline.it\/index.php\/wp-json\/wp\/v2\/posts\/223286"}],"collection":[{"href":"https:\/\/www.cronacaonline.it\/index.php\/wp-json\/wp\/v2\/posts"}],"about":[{"href":"https:\/\/www.cronacaonline.it\/index.php\/wp-json\/wp\/v2\/types\/post"}],"author":[{"embeddable":true,"href":"https:\/\/www.cronacaonline.it\/index.php\/wp-json\/wp\/v2\/users\/2"}],"replies":[{"embeddable":true,"href":"https:\/\/www.cronacaonline.it\/index.php\/wp-json\/wp\/v2\/comments?post=223286"}],"version-history":[{"count":1,"href":"https:\/\/www.cronacaonline.it\/index.php\/wp-json\/wp\/v2\/posts\/223286\/revisions"}],"predecessor-version":[{"id":223287,"href":"https:\/\/www.cronacaonline.it\/index.php\/wp-json\/wp\/v2\/posts\/223286\/revisions\/223287"}],"wp:featuredmedia":[{"embeddable":true,"href":"https:\/\/www.cronacaonline.it\/index.php\/wp-json\/wp\/v2\/media\/187128"}],"wp:attachment":[{"href":"https:\/\/www.cronacaonline.it\/index.php\/wp-json\/wp\/v2\/media?parent=223286"}],"wp:term":[{"taxonomy":"category","embeddable":true,"href":"https:\/\/www.cronacaonline.it\/index.php\/wp-json\/wp\/v2\/categories?post=223286"},{"taxonomy":"post_tag","embeddable":true,"href":"https:\/\/www.cronacaonline.it\/index.php\/wp-json\/wp\/v2\/tags?post=223286"}],"curies":[{"name":"wp","href":"https:\/\/api.w.org\/{rel}","templated":true}]}}