{"id":223069,"date":"2022-06-15T13:24:00","date_gmt":"2022-06-15T11:24:00","guid":{"rendered":"https:\/\/www.cronacaonline.it\/?p=223069"},"modified":"2022-06-15T13:24:02","modified_gmt":"2022-06-15T11:24:02","slug":"ambiente-assessore-lampis-oltre-640mila-euro-ai-comuni-per-ecocentri-e-per-il-recupero-ambientale-di-aree-degradate-da-abbandono-di-rifiuti","status":"publish","type":"post","link":"https:\/\/www.cronacaonline.it\/index.php\/2022\/06\/15\/ambiente-assessore-lampis-oltre-640mila-euro-ai-comuni-per-ecocentri-e-per-il-recupero-ambientale-di-aree-degradate-da-abbandono-di-rifiuti\/","title":{"rendered":"Ambiente, assessore Lampis: \u2018oltre 640mila euro ai comuni per ecocentri e per il recupero ambientale di aree degradate da abbandono di rifiuti\u2019."},"content":{"rendered":"\n<p>Cagliari, 15 Giu 2022\u00a0\u2013 \u201cProseguono le azioni della Regione per il conseguimento dell\u2019ambizioso obiettivo dell\u201980% di raccolta differenziata entro il 2022 e i\u00a0provvedimenti della Giunta sono indirizzati al consolidamento e al miglioramento dei risultati. Grazie all\u2019impegno di cittadini, amministrazioni locali e Regione, la Sardegna si \u00e8 confermata, per due anni consecutivi, la seconda regione in Italia per la quantit\u00e0 di rifiuti urbani raccolti in maniera differenziata passando dal 72,9 al 74,22%\u201d.\u00a0Lo ha detto l\u2019assessore regionale della Difesa dell\u2019ambiente, Gianni Lampis, dopo l\u2019approvazione della delibera che stanzia complessivamente 649mila euro a favore di quindici Comuni per la realizzazione di centri di raccolta e il completamento di quelli esistenti, da porre a servizio del circuito della raccolta differenziata dei rifiuti urbani, nonch\u00e9 per interventi di recupero di aree pubbliche degradate dall\u2019abbandono di rifiuti, quando non risultasse identificabile il responsabile.<\/p>\n\n\n\n<p>\u201cDopo aver approvato anche le \u2018Linee guida\u2019 per l\u2019adozione su scala regionale della \u2018tariffa puntuale\u2019,&nbsp;basata sui rifiuti effettivamente conferiti,&nbsp;in modo da ottenere una distribuzione dei costi per i cittadini pi\u00f9 equa,&nbsp;un incremento della percentuale di raccolta differenziata, una minor produzione di rifiuti urbani e un minor conferimento in discarica,&nbsp;vogliamo completare la dotazione territoriale di infrastrutture impiantistiche\u201d, ha aggiunto l\u2019assessore Lampis.<\/p>\n\n\n\n<p>Per la realizzazione di nuovi ecocentri e il completamento di quelli esistenti, sono state programmate risorse per nove Amministrazioni comunali, per un totale di 440mila euro: 80mila euro ciascuna a Ballao e Morgongiori per un nuovo ecocentro; 40mila euro ciascuna a Barisardo, Genuri, Luras, San Teodoro, Suelli, Tuili e Villanova Tulo per il completamento dell\u2019ecocentro. Invece, per gli interventi di recupero ambientale di aree degradate da abbandono di rifiuti, compresa la raccolta e il conferimento ad appositi impianti di recupero o smaltimento, nonch\u00e9 la realizzazione di investimenti che consentano di dissuadere da ulteriori abbandoni, sono state programmate risorse per sei Amministrazioni comunali, per un totale di 209mila euro: Cardedu 70mila euro; Buddus\u00f2 56mila; Esterzili 28mila; Sestu 25mila; Sanluri 20mila; Ruinas 10mila.<\/p>\n\n\n\n<p>\u201cIl gettito relativo all\u2019applicazione del tributo di smaltimento dei rifiuti solidi in discarica \u2013 ha concluso l\u2019esponente della Giunta Sarda \u2013 \u00e8 destinato alla costituzione di un fondo per interventi di tipo ambientale e pu\u00f2 essere utilizzato per favorire la minore produzione di rifiuti, le attivit\u00e0 di recupero di materie prime e di energia, la bonifica di siti inquinati, comprese le aree industriali dismesse, il recupero di aree degradate, il finanziamento delle agenzie regionali per l\u2019ambiente, l\u2019istituzione e la manutenzione delle aree naturali protette, investimenti di tipo ambientale riferibili ai rifiuti derivanti dal settore produttivo oggetto di tassazione\u201d. Com<\/p>\n","protected":false},"excerpt":{"rendered":"<p>Cagliari, 15 Giu 2022\u00a0\u2013 \u201cProseguono le azioni della Regione per il conseguimento dell\u2019ambizioso obiettivo dell\u201980% di raccolta differenziata entro il 2022 e i\u00a0provvedimenti della Giunta&#8230;<\/p>\n","protected":false},"author":2,"featured_media":217420,"comment_status":"closed","ping_status":"open","sticky":false,"template":"","format":"standard","meta":[],"categories":[49,52],"tags":[],"_links":{"self":[{"href":"https:\/\/www.cronacaonline.it\/index.php\/wp-json\/wp\/v2\/posts\/223069"}],"collection":[{"href":"https:\/\/www.cronacaonline.it\/index.php\/wp-json\/wp\/v2\/posts"}],"about":[{"href":"https:\/\/www.cronacaonline.it\/index.php\/wp-json\/wp\/v2\/types\/post"}],"author":[{"embeddable":true,"href":"https:\/\/www.cronacaonline.it\/index.php\/wp-json\/wp\/v2\/users\/2"}],"replies":[{"embeddable":true,"href":"https:\/\/www.cronacaonline.it\/index.php\/wp-json\/wp\/v2\/comments?post=223069"}],"version-history":[{"count":1,"href":"https:\/\/www.cronacaonline.it\/index.php\/wp-json\/wp\/v2\/posts\/223069\/revisions"}],"predecessor-version":[{"id":223070,"href":"https:\/\/www.cronacaonline.it\/index.php\/wp-json\/wp\/v2\/posts\/223069\/revisions\/223070"}],"wp:featuredmedia":[{"embeddable":true,"href":"https:\/\/www.cronacaonline.it\/index.php\/wp-json\/wp\/v2\/media\/217420"}],"wp:attachment":[{"href":"https:\/\/www.cronacaonline.it\/index.php\/wp-json\/wp\/v2\/media?parent=223069"}],"wp:term":[{"taxonomy":"category","embeddable":true,"href":"https:\/\/www.cronacaonline.it\/index.php\/wp-json\/wp\/v2\/categories?post=223069"},{"taxonomy":"post_tag","embeddable":true,"href":"https:\/\/www.cronacaonline.it\/index.php\/wp-json\/wp\/v2\/tags?post=223069"}],"curies":[{"name":"wp","href":"https:\/\/api.w.org\/{rel}","templated":true}]}}