{"id":223058,"date":"2022-06-15T11:24:14","date_gmt":"2022-06-15T09:24:14","guid":{"rendered":"https:\/\/www.cronacaonline.it\/?p=223058"},"modified":"2022-06-15T11:24:16","modified_gmt":"2022-06-15T09:24:16","slug":"strade-assessore-salaris-30-milioni-di-euro-di-risorse-messi-a-gara-per-la-viabilita-secondaria","status":"publish","type":"post","link":"https:\/\/www.cronacaonline.it\/index.php\/2022\/06\/15\/strade-assessore-salaris-30-milioni-di-euro-di-risorse-messi-a-gara-per-la-viabilita-secondaria\/","title":{"rendered":"Strade, assessore Salaris: 30 milioni di euro di risorse messi a gara per la viabilit\u00e0 secondaria."},"content":{"rendered":"\n<p>Cagliari, 15 Giu 2022 \u2013\u00a0La Giunta ha approvato i criteri di ammissibilit\u00e0, di valutazione e di equit\u00e0 del bando tramite cui verranno erogate le risorse per interventi che riguarderanno la viabilit\u00e0 dei Comuni, delle Citt\u00e0 Metropolitane e delle Province. Si tratta di risorse pari a 30.265.000 euro gi\u00e0 stanziate con la legge regionale n.17 del 22 novembre (legge Omnibus) per l'attuazione di un programma di interventi di interesse regionale e locale finalizzato alla manutenzione e il miglioramento della viabilit\u00e0 e ora messe a bando. \u201cIsolamento e spopolamento dei territori sono i primi nemici della Sardegna, combatterli anche attraverso sistemi di collegamento moderni, celeri e sicuri \u00e8 la via maestra per assicurare lo sviluppo e garantire nuove prospettive a chi risiede in zone svantaggiate o vulnerabili\u201d, ha spiegato il Presidente della Regione Sardegna. \u201cIl rilancio delle opere pubbliche fa parte a pieno titolo di un piano d\u2019azione che questa Giunta con decisione e misure ordinarie e straordinarie sta mettendo in atto\u201d.<\/p>\n\n\n\n<p>\u201cLo sviluppo della Sardegna non pu\u00f2 in alcun modo prescindere dal miglioramento delle infrastrutture, in primis di quelle viarie. Garantire un efficiente sistema viario e modernizzare la rete stradale sarda sono gli obiettivi che ci siamo prefissati e che perseguiamo con determinazione, facendo ora partire un grande programma di miglioramento della viabilit\u00e0 dedicato ai Comuni, alle citt\u00e0 metropolitane e alle Province\u201d, ha spiegato l\u2019Assessore dei Lavori Pubblici, Aldo Salaris. Entrando nello specifico del bando, il finanziamento massimo concedibile ai proponenti dei progetti dovr\u00e0 rispettare determinate soglie di importo, fissate appunto dalla delibera approvata nel corso dell\u2019ultima seduta di Giunta: 1.500.000 per province e citt\u00e0 metropolitane; 700.000 per comuni con popolazione superiore a 30.000 abitanti; 500.000 per comuni con popolazione da 10.000 e fino a 29.999 abitanti; 300.000 per comuni con popolazione inferiore a 10.000 abitanti (ciascuna Amministrazione proponente potr\u00e0 eventualmente prevedere lo stanziamento di ulteriori risorse a carico dei rispettivi bilanci per cofinanziare l'opera).<\/p>\n\n\n\n<p>\u201cPer garantire un utilizzo ottimale delle risorse - prosegue l'Assessore \u2013 abbiamo ritenuto opportuno individuare criteri specifici per la valutazione delle proposte\u201d. Gli interventi dovranno riguardare la viabilit\u00e0 esistente: l\u2019adeguamento attraverso opere di manutenzione straordinaria e messa in sicurezza; il potenziamento dei sistemi di sicurezza; la razionalizzazione degli spazi della carreggiata; la messa in sicurezza di intersezioni e di opere d'arte stradali; il rifacimento della sovrastruttura stradale. \u201cPer quanto riguarda invece i criteri per la formazione e lo scorrimento della graduatoria \u2013 ha evidenziato sempre l\u2019Assessore - saranno valutati il livello di progettazione sviluppato, la tipologia di intervento proposta e l'ammontare del cofinanziamento a carico del soggetto proponente\u201d.<\/p>\n\n\n\n<p>La delibera sottolinea la necessit\u00e0 di garantire un'equit\u00e0 territoriale nella ripartizione delle risorse. Verr\u00e0 quindi inizialmente finanziato solo un intervento per ciascun soggetto proponente e solo a esaurimento della graduatoria verranno ripartite le somme ancora disponibili finanziando un ulteriore intervento a ciascun soggetto proponente, ripetendo tale modalit\u00e0 distributiva fino ad esaurimento delle risorse stanziate. I soggetti proponenti potranno quindi presentare gli interventi definendo un preciso ordine di priorit\u00e0. Com<\/p>\n","protected":false},"excerpt":{"rendered":"<p>Cagliari, 15 Giu 2022 \u2013\u00a0La Giunta ha approvato i criteri di ammissibilit\u00e0, di valutazione e di equit\u00e0 del bando tramite cui verranno erogate le risorse&#8230;<\/p>\n","protected":false},"author":2,"featured_media":221848,"comment_status":"closed","ping_status":"open","sticky":false,"template":"","format":"standard","meta":[],"categories":[49,52],"tags":[],"_links":{"self":[{"href":"https:\/\/www.cronacaonline.it\/index.php\/wp-json\/wp\/v2\/posts\/223058"}],"collection":[{"href":"https:\/\/www.cronacaonline.it\/index.php\/wp-json\/wp\/v2\/posts"}],"about":[{"href":"https:\/\/www.cronacaonline.it\/index.php\/wp-json\/wp\/v2\/types\/post"}],"author":[{"embeddable":true,"href":"https:\/\/www.cronacaonline.it\/index.php\/wp-json\/wp\/v2\/users\/2"}],"replies":[{"embeddable":true,"href":"https:\/\/www.cronacaonline.it\/index.php\/wp-json\/wp\/v2\/comments?post=223058"}],"version-history":[{"count":1,"href":"https:\/\/www.cronacaonline.it\/index.php\/wp-json\/wp\/v2\/posts\/223058\/revisions"}],"predecessor-version":[{"id":223059,"href":"https:\/\/www.cronacaonline.it\/index.php\/wp-json\/wp\/v2\/posts\/223058\/revisions\/223059"}],"wp:featuredmedia":[{"embeddable":true,"href":"https:\/\/www.cronacaonline.it\/index.php\/wp-json\/wp\/v2\/media\/221848"}],"wp:attachment":[{"href":"https:\/\/www.cronacaonline.it\/index.php\/wp-json\/wp\/v2\/media?parent=223058"}],"wp:term":[{"taxonomy":"category","embeddable":true,"href":"https:\/\/www.cronacaonline.it\/index.php\/wp-json\/wp\/v2\/categories?post=223058"},{"taxonomy":"post_tag","embeddable":true,"href":"https:\/\/www.cronacaonline.it\/index.php\/wp-json\/wp\/v2\/tags?post=223058"}],"curies":[{"name":"wp","href":"https:\/\/api.w.org\/{rel}","templated":true}]}}