{"id":223017,"date":"2022-06-14T14:57:16","date_gmt":"2022-06-14T12:57:16","guid":{"rendered":"https:\/\/www.cronacaonline.it\/?p=223017"},"modified":"2022-06-14T14:57:18","modified_gmt":"2022-06-14T12:57:18","slug":"turismo-assessore-chessa-la-sardegna-cresce-e-a-giugno-supera-i-livelli-pre-covid-il-presidente-della-regione-sarda-ci-aspettiamo-numeri-altamente-positivi-sara-la-stagione-del-rilancio","status":"publish","type":"post","link":"https:\/\/www.cronacaonline.it\/index.php\/2022\/06\/14\/turismo-assessore-chessa-la-sardegna-cresce-e-a-giugno-supera-i-livelli-pre-covid-il-presidente-della-regione-sarda-ci-aspettiamo-numeri-altamente-positivi-sara-la-stagione-del-rilancio\/","title":{"rendered":"Turismo, Assessore Chessa: la Sardegna cresce e a giugno supera i livelli pre covid. Il presidente della Regione Sarda: \u2018ci aspettiamo numeri altamente positivi, sar\u00e0 la stagione del rilancio\u2019."},"content":{"rendered":"\n<p>Cagliari, 14 Giu 2022\u00a0\u2013 \u201cDopo un lungo periodo di restrizioni, si avverte un forte bisogno di ritorno alla normalit\u00e0 e per questa stagione estiva ci aspettiamo numeri altamente positivi, verosimilmente addirittura superiori a quelli record registrati nel 2019. Un risultato che potr\u00e0 contribuire decisamente alla ripresa dell\u2019intero settore, con un\u2019inevitabile ricaduta sui nostri livelli occupazionali\u201d. Cos\u00ec il Presidente della Regione Sardegna, ha commentato i primi dati degli arrivi negli scali portuali e aeroportuali nel mese di giugno.<\/p>\n\n\n\n<p>Dal 1 al 10 giugno, nei porti sardi si sono registrati 103.225 arrivi (Olbia 68.153; Porto Torres 20.642; Golfo Aranci 11.791; Cagliari 2.639), con un incremento del 111,06% rispetto allo stesso periodo del 2021, che fu un anno di lenta ripresa del turismo dopo un disastroso 2020, a causa delle restrizioni dovute all\u2019emergenza sanitaria. Un dato in crescita (+10,99%) anche rispetto al 2019, anno che registr\u00f2 numeri record per la Sardegna. Nello stesso periodo, nei tre aeroporti isolani sono arrivati 180.769 passeggeri, tra voli di linea e non (Cagliari 82.582; Olbia 69.614; Alghero 28.573), con un incremento di oltre il 150% rispetto al 2021, ma superiore (circa il 5%) anche al 2019.<\/p>\n\n\n\n<p>\u201cSecondo l\u2019Enit, l\u2019Italia \u00e8 al primo posto come destinazione europea preferita per questa estate e la Sardegna potr\u00e0 conquistare una buona fetta di questo gradimento -&nbsp;ha aggiunto il presidente - Non solo si potranno consolidare i segnali confortanti che arrivano dal turismo interno, ma ci sar\u00e0 anche una consistente ripresa del mercato estero, che si era indebolito, a causa dell\u2019epidemia, nelle due estati precedenti. Si tratta di positive e confortanti indicazioni, che fanno ben sperare per un 2022 ricco di soddisfazioni. D\u2019estate la Sardegna fa il pieno grazie alle sue bellezze ambientali e paesaggistiche, ma, forte di un ricco patrimonio di tradizioni, cultura e storia, l\u2019Isola si pu\u00f2 confermare tra le destinazioni turistiche pi\u00f9 amate anche negli altri mesi dell\u2019anno. La Giunta regionale sta realizzando investimenti per costruire una Sardegna sempre pi\u00f9 competitiva in qualsiasi stagione, pronta a soddisfare una domanda sempre pi\u00f9 variegata di turismo\u201d.<\/p>\n\n\n\n<p>\u201cDopo i primi segnali positivi, registrati per Pasqua, questi dati di giugno fanno immaginare un\u2019estate record, tanto da mettere in archivio definitivamente i momenti difficili vissuti nei due anni trascorsi con l\u2019incubo del virus, soprattutto il 2020 \u2013 ha sottolineato l\u2019assessore regionale del Turismo, Gianni Chessa \u2013 Numeri che inducono all'ottimismo, nonostante dopo l\u2019emergenza sanitaria abbiamo dovuto subire anche la grave situazione internazionale, che ha rischiato di condizionare pesantemente il mercato del turismo nell\u2019Isola, soprattutto quello proveniente dall\u2019estero. Questo sar\u00e0 l\u2019anno del rilancio e l\u2019Isola \u00e8 pronta per recitare un ruolo da protagonista con un\u2019offerta e una programmazione di qualit\u00e0\u201d.<\/p>\n\n\n\n<p>\u201cLa Sardegna sta consolidando un proficuo sistema di collegamenti e pu\u00f2 contare su 197 destinazioni (123 internazionali e 74 nazionali), da sommare a quelle del trasporto marittimo. L\u2019impegno della Giunta regionale nell\u2019attivit\u00e0 promozionale \u00e8 costante, non solo con la partecipazione alle migliori fiere internazionali di settore (Madrid, Parigi, Tel Aviv, Francoforte e ovviamente Bit di Milano) che hanno contribuito alla visibilit\u00e0 internazionale della Sardegna, ma anche con un ricco calendario di eventi sportivi di livello mondiale, che, oltre alle migliaia di presenze tra atleti e accompagnatori, hanno catturato l\u2019attenzione dei media internazionali. Per completare l\u2019offerta, stiamo puntando anche su appuntamenti culturali e identitari, sul turismo religioso, gastronomico, esperienziale e congressuale. Il sogno di un\u2019Isola che vive tutto l\u2019anno di turismo si pu\u00f2 avverare perch\u00e9 la Sardegna \u00e8 in grado di offrire unicit\u00e0 e qualit\u00e0\u201d, ha concluso l\u2019assessore Chessa.&nbsp;Com<\/p>\n","protected":false},"excerpt":{"rendered":"<p>Cagliari, 14 Giu 2022\u00a0\u2013 \u201cDopo un lungo periodo di restrizioni, si avverte un forte bisogno di ritorno alla normalit\u00e0 e per questa stagione estiva ci&#8230;<\/p>\n","protected":false},"author":2,"featured_media":221645,"comment_status":"closed","ping_status":"open","sticky":false,"template":"","format":"standard","meta":[],"categories":[49,52],"tags":[],"_links":{"self":[{"href":"https:\/\/www.cronacaonline.it\/index.php\/wp-json\/wp\/v2\/posts\/223017"}],"collection":[{"href":"https:\/\/www.cronacaonline.it\/index.php\/wp-json\/wp\/v2\/posts"}],"about":[{"href":"https:\/\/www.cronacaonline.it\/index.php\/wp-json\/wp\/v2\/types\/post"}],"author":[{"embeddable":true,"href":"https:\/\/www.cronacaonline.it\/index.php\/wp-json\/wp\/v2\/users\/2"}],"replies":[{"embeddable":true,"href":"https:\/\/www.cronacaonline.it\/index.php\/wp-json\/wp\/v2\/comments?post=223017"}],"version-history":[{"count":1,"href":"https:\/\/www.cronacaonline.it\/index.php\/wp-json\/wp\/v2\/posts\/223017\/revisions"}],"predecessor-version":[{"id":223018,"href":"https:\/\/www.cronacaonline.it\/index.php\/wp-json\/wp\/v2\/posts\/223017\/revisions\/223018"}],"wp:featuredmedia":[{"embeddable":true,"href":"https:\/\/www.cronacaonline.it\/index.php\/wp-json\/wp\/v2\/media\/221645"}],"wp:attachment":[{"href":"https:\/\/www.cronacaonline.it\/index.php\/wp-json\/wp\/v2\/media?parent=223017"}],"wp:term":[{"taxonomy":"category","embeddable":true,"href":"https:\/\/www.cronacaonline.it\/index.php\/wp-json\/wp\/v2\/categories?post=223017"},{"taxonomy":"post_tag","embeddable":true,"href":"https:\/\/www.cronacaonline.it\/index.php\/wp-json\/wp\/v2\/tags?post=223017"}],"curies":[{"name":"wp","href":"https:\/\/api.w.org\/{rel}","templated":true}]}}