{"id":222968,"date":"2022-06-13T14:05:35","date_gmt":"2022-06-13T12:05:35","guid":{"rendered":"https:\/\/www.cronacaonline.it\/?p=222968"},"modified":"2022-06-13T14:05:38","modified_gmt":"2022-06-13T12:05:38","slug":"consiglio-sardegna-i-lavori-delle-commissioni-13","status":"publish","type":"post","link":"https:\/\/www.cronacaonline.it\/index.php\/2022\/06\/13\/consiglio-sardegna-i-lavori-delle-commissioni-13\/","title":{"rendered":"Consiglio Sardegna &#8211; I lavori delle commissioni."},"content":{"rendered":"\n<p>Cagliari, 13 Giu 2022 \u2013 Riprendono domani,\u00a0marted\u00ec 14 giugno, i lavori delle Commissioni permanenti del Consiglio regionale.<\/p>\n\n\n\n<p>Alle&nbsp;10,30&nbsp;\u00e8 prevista la seduta congiunta delle commissioni&nbsp;Seconda \u201cLavoro e Cultura\u201d&nbsp;e&nbsp;Terza \u201cBilancio\u201d&nbsp;per il parere al&nbsp;Piano attuativo regionale (PAR) \u201cProgramma nazionale per la Garanzia di occupabilit\u00e0 dei lavoratori (GOL), approvato nel quadro del Piano nazionale di ripresa e resilienza. Sar\u00e0 ascoltata l\u2019assessora al Lavoro \u201cAlessandra Zedda\u201d. Al termine dell\u2019audizione i lavori della Seconda Commissione proseguiranno con il seguente ordine del giorno: elezione di un segretario, audizione dell\u2019assessore alla Pubblica Istruzione Andrea Biancareddu in materia di tutela delle minoranze linguistiche storiche. Lo stesso assessore riferir\u00e0 sulla proposta di legge in materia di politiche giovanili. Su questo argomento sar\u00e0 sentito anche il Comitato Associazioni Sarde per la mobilit\u00e0 internazionale (CASMI).<\/p>\n\n\n\n<p>Anche la Terza Commissione proseguir\u00e0 i suoi lavori in autonomia. In programma l\u2019audizione del vicepresidente della Regione Alessandra Zedda sulla&nbsp;Presa d'atto della delibera CIPESS 49 del 27 luglio 2021, pubblicata nella Gazzetta ufficiale n.257 del 27 ottobre 2021 e della delibera CIPESS n. 79 del 22 dicembre 2021, pubblicata nella Gazzetta ufficiale n. 72 del 26 marzo 2022, concernenti assegnazione di risorse FSC a integrazione della programmazione 2014\/2020 e per anticipazione della quota ordinaria 2021\/2027.<\/p>\n\n\n\n<p>Gioved\u00ec&nbsp;16 giugno, alle 16, si riuniranno in seduta congiunta le commissioni&nbsp;Quarta \u201cGoverno del Territorio\u201d&nbsp;e&nbsp;Quinta \u201cAttivit\u00e0 Produttive\u201d&nbsp;per sentire in audizione il&nbsp;Presidente della Camera di Commercio di Cagliari-Oristano, il Presidente della Societ\u00e0 di Gestione dell'Aeroporto di Cagliari (SOGAER), e una rappresentanza delle associazioni Confindustria Sardegna, Confapi Sardegna, Confcommercio, Confesercenti, Federalberghi e Asso Hotel e dei sindacati Cgil, Cisl e Uil sull\u2019ipotesi di privatizzazione dell'aeroporto di Cagliari-Elmas.&nbsp;Nel corso della seduta ci sar\u00e0 anche un aggiornamento sull\u2019invasione delle cavallette nella Sardegna centrale con le audizioni dell\u2019assessore all\u2019Ambiente Gianni LAmpis, del Commissario straordinario dell'Agenzia Laore, dell'Amministratore straordinario della Provincia di Nuoro e di una rappresentanza del Comitato Lotta alle cavallette nella media valle del Tirso.<\/p>\n\n\n\n<p>I lavori in seduta congiunta saranno anticipati la mattina alle 10 dalla seduta della Quinta Commissione per una serie di audizioni in materia di turismo, artigianato e commercio e sulle problematiche della miniera di bauxite di Olmedo. Prevista, infine, l\u2019audizione del dell'Assessore dell'agricoltura Gabriella Murgia, del Direttore generale dell'Assessorato, del Commissario straordinario dell'Agenzia Laore e di una rappresentanza dell'organizzazione Coldiretti sulla possibilit\u00e0 di semplificare i procedimenti sugli aiuti regionali attraverso il coinvolgimento dei Centri di Assistenza Agricola. Com<\/p>\n","protected":false},"excerpt":{"rendered":"<p>Cagliari, 13 Giu 2022 \u2013 Riprendono domani,\u00a0marted\u00ec 14 giugno, i lavori delle Commissioni permanenti del Consiglio regionale. Alle&nbsp;10,30&nbsp;\u00e8 prevista la seduta congiunta delle commissioni&nbsp;Seconda \u201cLavoro&#8230;<\/p>\n","protected":false},"author":2,"featured_media":206988,"comment_status":"closed","ping_status":"open","sticky":false,"template":"","format":"standard","meta":[],"categories":[49,52],"tags":[],"_links":{"self":[{"href":"https:\/\/www.cronacaonline.it\/index.php\/wp-json\/wp\/v2\/posts\/222968"}],"collection":[{"href":"https:\/\/www.cronacaonline.it\/index.php\/wp-json\/wp\/v2\/posts"}],"about":[{"href":"https:\/\/www.cronacaonline.it\/index.php\/wp-json\/wp\/v2\/types\/post"}],"author":[{"embeddable":true,"href":"https:\/\/www.cronacaonline.it\/index.php\/wp-json\/wp\/v2\/users\/2"}],"replies":[{"embeddable":true,"href":"https:\/\/www.cronacaonline.it\/index.php\/wp-json\/wp\/v2\/comments?post=222968"}],"version-history":[{"count":1,"href":"https:\/\/www.cronacaonline.it\/index.php\/wp-json\/wp\/v2\/posts\/222968\/revisions"}],"predecessor-version":[{"id":222969,"href":"https:\/\/www.cronacaonline.it\/index.php\/wp-json\/wp\/v2\/posts\/222968\/revisions\/222969"}],"wp:featuredmedia":[{"embeddable":true,"href":"https:\/\/www.cronacaonline.it\/index.php\/wp-json\/wp\/v2\/media\/206988"}],"wp:attachment":[{"href":"https:\/\/www.cronacaonline.it\/index.php\/wp-json\/wp\/v2\/media?parent=222968"}],"wp:term":[{"taxonomy":"category","embeddable":true,"href":"https:\/\/www.cronacaonline.it\/index.php\/wp-json\/wp\/v2\/categories?post=222968"},{"taxonomy":"post_tag","embeddable":true,"href":"https:\/\/www.cronacaonline.it\/index.php\/wp-json\/wp\/v2\/tags?post=222968"}],"curies":[{"name":"wp","href":"https:\/\/api.w.org\/{rel}","templated":true}]}}