{"id":222889,"date":"2022-06-10T18:41:09","date_gmt":"2022-06-10T16:41:09","guid":{"rendered":"https:\/\/www.cronacaonline.it\/?p=222889"},"modified":"2022-06-10T18:41:11","modified_gmt":"2022-06-10T16:41:11","slug":"trasporti-assessore-todde-via-libera-allelettrificazione-della-rete-ferroviaria-con-la-linea-cagliari-oristano","status":"publish","type":"post","link":"https:\/\/www.cronacaonline.it\/index.php\/2022\/06\/10\/trasporti-assessore-todde-via-libera-allelettrificazione-della-rete-ferroviaria-con-la-linea-cagliari-oristano\/","title":{"rendered":"Trasporti, Assessore Todde: via libera all\u2019elettrificazione della rete ferroviaria con la linea Cagliari-Oristano."},"content":{"rendered":"\n<p>Cagliari, 10 Giu 2022 \u2013\u00a0Parte l\u2019elettrificazione della rete ferroviaria sarda con la linea Cagliari-Oristano. \u00c8 quanto prevede una delibera approvata oggi dalla Giunta regionale su proposta dell\u2019assessore dei Trasporti, Giorgio Todde, con la quale vengono rimodulati i finanziamenti di 223 milioni di euro stanziati per potenziare i collegamenti ferroviari dell\u2019Isola.\u00a0\u00a0<\/p>\n\n\n\n<p>\u201cCon gli importanti investimenti sul materiale rotabile, tra cui 12 treni ibridi in consegna gi\u00e0 da quest\u2019anno, e con quelli per l\u2019elettrificazione sulla rete a scartamento ordinario, si potr\u00e0 finalmente viaggiare anche in Sardegna su treni a trazione elettrica. Un obiettivo atteso da anni che garantir\u00e0 contemporaneamente un potenziamento del livello di qualit\u00e0 del servizio e una maggiore sostenibilit\u00e0 ambientale\u201d, commenta il presidente della Regione Sardegna.<\/p>\n\n\n\n<p>\u201cLa maggiore velocit\u00e0 dei mezzi \u2013 afferma in una nota l\u2019assessore Todde \u2013 consentir\u00e0 una riduzione dei tempi di percorrenza e nelle fasi di ingresso, sosta attiva e uscita dalle stazioni, e nell\u2019attraversamento dei centri abitati, la trazione elettrica determiner\u00e0 l\u2019abbattimento delle emissioni sonore. L\u2019intervento avr\u00e0 dei riflessi importantissimi anche sull\u2019ambiente attraverso la riduzione delle emissioni di gas clima-alteranti, contribuendo cos\u00ec alla salvaguardia del territorio sardo e al raggiungimento degli obiettivi ambientali fissati a livello europeo\u201d.<\/p>\n\n\n\n<p>Con la delibera approvata i 223 milioni di euro di investimenti previsti vengono cos\u00ec finalizzati: 124 milioni per la \u201cvelocizzazione San Gavino-Sassari-Olbia: variante di tracciato di Bauladu\u201d (70,8 milioni a valere sulle risorse FSC 2014-2020 e per 53,2 milioni a valere sul Patto Sardegna Fsc 2014-2020); 95,8 milioni di euro per la \u201celettrificazione della tratta ferroviaria Cagliari-Oristano\u201d (46,8 milioni del Patto Sardegna Fsc 2014-2020 e 49 milioni del Contratto di Programma di RFI, assorbendo le risorse precedentemente allocate sulla variante ferroviaria di Bonorva-Torralba); 3,2 milioni di euro assegnati a Rfi per attivit\u00e0 di progettazione (risorse Fsc 2014-2020).<\/p>\n\n\n\n<p>\u201cSi parte con la linea Cagliari-Oristano sia in considerazione del maggior numero di passeggeri trasportati rispetto alle altre tratte a scartamento ordinario sia in ragione dell\u2019esistenza del doppio binario della linea in esame, gi\u00e0 completato finora sino a San Gavino, che consente di procedere all'elettrificazione su una rete in raddoppio\u201d, conclude l\u2019esponente della Giunta Sarda.&nbsp;Com<\/p>\n","protected":false},"excerpt":{"rendered":"<p>Cagliari, 10 Giu 2022 \u2013\u00a0Parte l\u2019elettrificazione della rete ferroviaria sarda con la linea Cagliari-Oristano. \u00c8 quanto prevede una delibera approvata oggi dalla Giunta regionale su&#8230;<\/p>\n","protected":false},"author":2,"featured_media":221699,"comment_status":"closed","ping_status":"open","sticky":false,"template":"","format":"standard","meta":[],"categories":[49,52],"tags":[],"_links":{"self":[{"href":"https:\/\/www.cronacaonline.it\/index.php\/wp-json\/wp\/v2\/posts\/222889"}],"collection":[{"href":"https:\/\/www.cronacaonline.it\/index.php\/wp-json\/wp\/v2\/posts"}],"about":[{"href":"https:\/\/www.cronacaonline.it\/index.php\/wp-json\/wp\/v2\/types\/post"}],"author":[{"embeddable":true,"href":"https:\/\/www.cronacaonline.it\/index.php\/wp-json\/wp\/v2\/users\/2"}],"replies":[{"embeddable":true,"href":"https:\/\/www.cronacaonline.it\/index.php\/wp-json\/wp\/v2\/comments?post=222889"}],"version-history":[{"count":1,"href":"https:\/\/www.cronacaonline.it\/index.php\/wp-json\/wp\/v2\/posts\/222889\/revisions"}],"predecessor-version":[{"id":222890,"href":"https:\/\/www.cronacaonline.it\/index.php\/wp-json\/wp\/v2\/posts\/222889\/revisions\/222890"}],"wp:featuredmedia":[{"embeddable":true,"href":"https:\/\/www.cronacaonline.it\/index.php\/wp-json\/wp\/v2\/media\/221699"}],"wp:attachment":[{"href":"https:\/\/www.cronacaonline.it\/index.php\/wp-json\/wp\/v2\/media?parent=222889"}],"wp:term":[{"taxonomy":"category","embeddable":true,"href":"https:\/\/www.cronacaonline.it\/index.php\/wp-json\/wp\/v2\/categories?post=222889"},{"taxonomy":"post_tag","embeddable":true,"href":"https:\/\/www.cronacaonline.it\/index.php\/wp-json\/wp\/v2\/tags?post=222889"}],"curies":[{"name":"wp","href":"https:\/\/api.w.org\/{rel}","templated":true}]}}