{"id":222841,"date":"2022-06-09T15:51:44","date_gmt":"2022-06-09T13:51:44","guid":{"rendered":"https:\/\/www.cronacaonline.it\/?p=222841"},"modified":"2022-06-09T15:51:46","modified_gmt":"2022-06-09T13:51:46","slug":"pari-opportunita-carla-cuccu-idea-sardegna-avviare-iter-per-istituzione-commissione-permanente-su-politiche-di-genere","status":"publish","type":"post","link":"https:\/\/www.cronacaonline.it\/index.php\/2022\/06\/09\/pari-opportunita-carla-cuccu-idea-sardegna-avviare-iter-per-istituzione-commissione-permanente-su-politiche-di-genere\/","title":{"rendered":"Pari opportunit\u00e0, Carla Cuccu (Idea Sardegna) \u2018avviare iter per istituzione commissione permanente su politiche di genere\u2019."},"content":{"rendered":"\n<p>Cagliari, 9 Giu 2022\u00a0\u2013 \u201cSulla necessit\u00e0 di rafforzare le politiche di genere e le pari opportunit\u00e0 dobbiamo passare dalle parole ai fatti. Per questo occorre quanto prima modificare il regolamento interno del Consiglio regionale e istituire una commissione permanente ad hoc\u201d. Ad una settimana dall\u2019importante appuntamento che ha visto insieme donne e uomini delle istituzioni, associazioni, esperti, che si sono ritrovati per il secondo \u2018Congresso delle donne sarde\u2019, la consigliera regionale di Idea Sardegna, Carla Cuccu, ha depositato una proposta di modifica del regolamento interno dell\u2019Assemblea sarda. \u201cDa anni le associazioni, con Coordinamento3 in prima linea, chiedono interventi mirati per le donne, con una programmazione che non segua l\u2019emergenza o la contingenza, ma sia strutturata\u201d, spiega la consigliera, componente della Giunta per il Regolamento.<\/p>\n\n\n\n<p>\u201cTanti impegni sono stati presi in questi anni, anche dal Consiglio regionale lo scorso 1 ottobre, con&nbsp;un ordine del giorno \u2013 ricorda Carla Cuccu \u2013 che impegnava il Presidente della Regione e la Giunta, tra l\u2019altro, a&nbsp;istituire l\u2019Assessorato per le pari opportunit\u00e0 e a valorizzare la differenza di genere e l\u2019affermazione della specificit\u00e0, libert\u00e0 e autonomia femminile per il raggiungimento della parit\u00e0 giuridica, sociale ed economica tra i generi, raccordandosi con le donne e gli uomini elette\/i nelle istituzioni, con le parti sociali, con la CPO regionale e la Consigliera di parit\u00e0, con l\u2019Osservatorio regionale sulla violenza, con la Rete di coordinamento regionale dei centri antiviolenza, con le rappresentanze femminili delle realt\u00e0 economiche, imprenditoriali, professionali e del lavoro, nonch\u00e9 con le associazioni femminili, i centri di documentazione delle donne e gli enti ed istituti culturali per la promozione della cultura delle differenze di genere presenti nella regione\u201d.&nbsp;Secondo la consigliera di Idea Sardegna \u201cil Consiglio regionale deve poter legiferare conoscendo la portata e le ricadute sociali ed economiche che le norme che approva hanno sulle donne. L\u2019istituzione di una nuova Commissione consiliare permanente \u2013 denominata \u201cPari Opportunit\u00e0\u201d \u2013 consentir\u00e0 di avere un organismo preposto alla verifica dell\u2019impatto delle proposte di legge\u201d.&nbsp;<\/p>\n\n\n\n<p>La Commissione avr\u00e0 il compito di fornire un parere sui testi che riguardano il lavoro femminile, la sanit\u00e0 di genere, la conciliazione famiglia-lavoro, i servizi per l\u2019infanzia ecc. ecc.<\/p>\n","protected":false},"excerpt":{"rendered":"<p>Cagliari, 9 Giu 2022\u00a0\u2013 \u201cSulla necessit\u00e0 di rafforzare le politiche di genere e le pari opportunit\u00e0 dobbiamo passare dalle parole ai fatti. Per questo occorre&#8230;<\/p>\n","protected":false},"author":2,"featured_media":181430,"comment_status":"closed","ping_status":"open","sticky":false,"template":"","format":"standard","meta":[],"categories":[49,52],"tags":[],"_links":{"self":[{"href":"https:\/\/www.cronacaonline.it\/index.php\/wp-json\/wp\/v2\/posts\/222841"}],"collection":[{"href":"https:\/\/www.cronacaonline.it\/index.php\/wp-json\/wp\/v2\/posts"}],"about":[{"href":"https:\/\/www.cronacaonline.it\/index.php\/wp-json\/wp\/v2\/types\/post"}],"author":[{"embeddable":true,"href":"https:\/\/www.cronacaonline.it\/index.php\/wp-json\/wp\/v2\/users\/2"}],"replies":[{"embeddable":true,"href":"https:\/\/www.cronacaonline.it\/index.php\/wp-json\/wp\/v2\/comments?post=222841"}],"version-history":[{"count":1,"href":"https:\/\/www.cronacaonline.it\/index.php\/wp-json\/wp\/v2\/posts\/222841\/revisions"}],"predecessor-version":[{"id":222842,"href":"https:\/\/www.cronacaonline.it\/index.php\/wp-json\/wp\/v2\/posts\/222841\/revisions\/222842"}],"wp:featuredmedia":[{"embeddable":true,"href":"https:\/\/www.cronacaonline.it\/index.php\/wp-json\/wp\/v2\/media\/181430"}],"wp:attachment":[{"href":"https:\/\/www.cronacaonline.it\/index.php\/wp-json\/wp\/v2\/media?parent=222841"}],"wp:term":[{"taxonomy":"category","embeddable":true,"href":"https:\/\/www.cronacaonline.it\/index.php\/wp-json\/wp\/v2\/categories?post=222841"},{"taxonomy":"post_tag","embeddable":true,"href":"https:\/\/www.cronacaonline.it\/index.php\/wp-json\/wp\/v2\/tags?post=222841"}],"curies":[{"name":"wp","href":"https:\/\/api.w.org\/{rel}","templated":true}]}}