{"id":222632,"date":"2022-06-04T10:35:36","date_gmt":"2022-06-04T08:35:36","guid":{"rendered":"https:\/\/www.cronacaonline.it\/?p=222632"},"modified":"2022-06-04T10:35:39","modified_gmt":"2022-06-04T08:35:39","slug":"martedi-il-parlamento-europeo-vota-la-risoluzione-che-sancisce-i-diritti-delle-isole-fondamentale-il-contributo-della-sardegna","status":"publish","type":"post","link":"https:\/\/www.cronacaonline.it\/index.php\/2022\/06\/04\/martedi-il-parlamento-europeo-vota-la-risoluzione-che-sancisce-i-diritti-delle-isole-fondamentale-il-contributo-della-sardegna\/","title":{"rendered":"Marted\u00ec il parlamento europeo vota la risoluzione che sancisce i diritti delle isole. Fondamentale il contributo della Sardegna."},"content":{"rendered":"\n<p>Cagliari, 4 Giu 2022 \u2013 \u201cIniziamo a raccogliere i frutti di un lavoro lungo e faticoso, condotto in prima fila dalla Sardegna alla quale viene giustamente riconosciuto il ruolo di traino dei diritti delle regioni insulari e degli oltre 20 milioni di cittadini che vi risiedono, pari al 4,6% della popolazione totale dell\u2019Unione. Negli ultimi anni siamo stati, tra le Isole europee, tra quelle pi\u00f9 impegnate a rivendicare un nuovo approccio nella formulazione delle politiche e della legislazione comunitaria. Oggi il frutto di questo lavoro diventa oggetto di un voto del Parlamento Europeo: non \u00e8 il traguardo definitivo, ma \u00e8 certamente una tappa importante\u201d. Cos\u00ec il Presidente della Regione Sardegna sull\u2019imminente voto, nel Parlamento di Strasburgo, della mozione (relatore Younous Omarjee) con la quale, per la prima volta, l\u2019Europarlamento assume un impegno istituzionale a favore della specificit\u00e0 territoriale insulare nelle politiche europee. Lo stesso Omarjee, comunicandogli la calendarizzazione del voto, ha espresso al Presidente Sardo i ringraziamenti dell\u2019Istituzione Europea e i propri personali complimenti per il successo dell\u2019iniziativa politica, portata avanti \u201ccon forte impegno\u201d da Solinas.<\/p>\n\n\n\n<p>Capofila del Partenariato delle Regioni insulari periferiche del Mediterraneo \u2013 costituito da Sardegna, Baleari, Corsica, Creta, Gozo, Isole Ionie \u2013 la Sardegna, con l\u2019intervento del Presidente Solinas, ha portato la questione insulare al centro dei lavori della Conferenza sul futuro dell\u2019Europa, e ha partecipato da protagonista alla definizione del quadro normativo per affrontare le sfide e le esigenze specifiche dei territori insulari.<\/p>\n\n\n\n<p>Lo stesso Presidente \u00e8 primo firmatario della proposta delle Isole d\u2019Europa di inserire il tema in agenda; proposta sostenuta dall\u2019intero partenariato istituzionale insulare europeo composto anche dalle Isole del Mediterraneo di cui la Sardegna \u00e8 capofila e accolta dal Comitato delle Regioni, a testimonianza e riconoscimento del costante impegno istituzionale della Regione Sarda.<\/p>\n\n\n\n<p>\u201cTutto questo lavoro preparatorio - sottolinea il Presidente - ha portato alla predisposizione della \u2018mozione Omarjee\u2019 in votazione marted\u00ec 8 al Parlamento europeo\u201d. Un impegno istituzionale a favore della specificit\u00e0 territoriale insulare nelle politiche europee costante, riconosciuto \u2013 al pari del ruolo all\u2019interno del partenariato insulare europeo \u2013 da tutti gli interlocutori, e declinato attraverso numerose iniziative che hanno visto il Presidente sardo, membro del Comitato delle Regioni, impegnato in prima persona.<\/p>\n\n\n\n<p>\u201cQuello di marted\u00ec rappresenta un momento importante, per il quale la Regione Sardegna ha dato un apporto fondamentale contribuendo a fornire gli strumenti per decifrare quello che oggi \u00e8 il messaggio pi\u00f9 incisivo: le regioni insulari sono meno sviluppate rispetto a quelle continentali del loro Stato membro, e hanno un PIL pro capite inferiore. Caratteristiche che, unite agli svantaggi naturali molteplici e permanenti, devono essere tenute in conto nelle politiche dell'UE, in particolare nell'elaborazione di una strategia specifica, un piano d'azione europeo e un'agenda politica insulare con priorit\u00e0 d'azione chiaramente definite ma che, al contrario, rimangono prive di correttivi\u201d, dice il Presidente.<\/p>\n\n\n\n<p>Prendendo in esame uno degli aspetti che maggiormente interessa la Sardegna - confermato anche nell\u2019ultimo rapporto Istat che ha messo in luce l\u2019emergenza demografica e i rischi derivanti dallo spopolamento in Sardegna \u2013 il Presidente evidenzia come i cambiamenti demografici abbiano un impatto maggiore sulle regioni gi\u00e0 in ritardo di sviluppo, aggravando le disuguaglianze territoriali e sociali esistenti: \u201cLe regioni rurali, periferiche e ultraperiferiche, comprese le isole \u2013 ha detto -&nbsp;&nbsp;sono le pi\u00f9 segnate dallo spopolamento con un conseguente aumento delle persone anziane che vi abitano e un maggiore rischio di isolamento sociale. L\u2019Europa, davanti a uno scenario che tende ad aggravarsi, ha il dovere di intervenire\u201d. Agli aspetti demografici sono strettamente legati quelli climatici: \u201cLe isole e le regioni ultraperiferiche sono in prima linea nel cambiamento climatico, colpite dall'innalzamento del livello del mare e dall'erosione costiera, dal riscaldamento e dall'acidificazione dei mari e degli oceani e dall'aumento della frequenza e della violenza di catastrofi naturali quali cicloni, eruzioni vulcaniche, incendi boschivi e tempeste, inondazioni, siccit\u00e0 e problemi di desertificazione che possono avere effetti negativi sull\u2019agricoltura e possono causare molteplici forme di danno economico, sociale e ambientale\u201d. Tutti fattori che, secondo il Presidente Solinas, l\u2019Europa non pu\u00f2 pi\u00f9 ignorare. \u201cLa questione insulare \u00e8 diventata uno dei temi centrali della Conferenza sul futuro dell\u2019Europa grazie anche all\u2019impegno della Regione Sardegna. Marted\u00ec, a Strasburgo, comincer\u00e0 una nuova fase per le Isole\u201d, ha proseguito il Presidente.<\/p>\n\n\n\n<p>\u201c\u00c8 necessaria - dice - una revisione della normativa europea, in primis in materia di aiuti di Stato, per renderla pi\u00f9 rispondente alle sfide dei nostri territori, non per ottenere una condizione di privilegio, ma per garantire ai nostri cittadini e alle nostre imprese le stesse opportunit\u00e0 di sviluppo e di competitivit\u00e0 di cui godono le altre regioni europee. Ci\u00f2 che chiediamo con forza - ha aggiunto il Presidente Solinas, \u00e8 un\u2019attenzione forte alle sfide delle isole periferiche. Un \u2018nuovo patto\u2019, come chiede la risoluzione Omarjee, per pianificare strategie per i nostri territori. Solo in questo modo sar\u00e0 vero che nessuno sar\u00e0 lasciato indietro. Nel chiedere uno specifico status giuridico europeo non chiediamo una condizione di privilegio, ma al contrario strumenti per essere sullo stesso piano competitivo delle altre regioni. Una politica europea per le Isole \u00e8 necessaria alla sopravvivenza economica e demografica dei nostri territori\u201d, ha concluso il Presidente anche a nome di tutti i territori insulari coordinati dalla Sardegna. Com<\/p>\n","protected":false},"excerpt":{"rendered":"<p>Cagliari, 4 Giu 2022 \u2013 \u201cIniziamo a raccogliere i frutti di un lavoro lungo e faticoso, condotto in prima fila dalla Sardegna alla quale viene&#8230;<\/p>\n","protected":false},"author":2,"featured_media":187128,"comment_status":"closed","ping_status":"open","sticky":false,"template":"","format":"standard","meta":[],"categories":[49,52],"tags":[],"_links":{"self":[{"href":"https:\/\/www.cronacaonline.it\/index.php\/wp-json\/wp\/v2\/posts\/222632"}],"collection":[{"href":"https:\/\/www.cronacaonline.it\/index.php\/wp-json\/wp\/v2\/posts"}],"about":[{"href":"https:\/\/www.cronacaonline.it\/index.php\/wp-json\/wp\/v2\/types\/post"}],"author":[{"embeddable":true,"href":"https:\/\/www.cronacaonline.it\/index.php\/wp-json\/wp\/v2\/users\/2"}],"replies":[{"embeddable":true,"href":"https:\/\/www.cronacaonline.it\/index.php\/wp-json\/wp\/v2\/comments?post=222632"}],"version-history":[{"count":1,"href":"https:\/\/www.cronacaonline.it\/index.php\/wp-json\/wp\/v2\/posts\/222632\/revisions"}],"predecessor-version":[{"id":222633,"href":"https:\/\/www.cronacaonline.it\/index.php\/wp-json\/wp\/v2\/posts\/222632\/revisions\/222633"}],"wp:featuredmedia":[{"embeddable":true,"href":"https:\/\/www.cronacaonline.it\/index.php\/wp-json\/wp\/v2\/media\/187128"}],"wp:attachment":[{"href":"https:\/\/www.cronacaonline.it\/index.php\/wp-json\/wp\/v2\/media?parent=222632"}],"wp:term":[{"taxonomy":"category","embeddable":true,"href":"https:\/\/www.cronacaonline.it\/index.php\/wp-json\/wp\/v2\/categories?post=222632"},{"taxonomy":"post_tag","embeddable":true,"href":"https:\/\/www.cronacaonline.it\/index.php\/wp-json\/wp\/v2\/tags?post=222632"}],"curies":[{"name":"wp","href":"https:\/\/api.w.org\/{rel}","templated":true}]}}