{"id":222596,"date":"2022-06-03T15:27:48","date_gmt":"2022-06-03T13:27:48","guid":{"rendered":"https:\/\/www.cronacaonline.it\/?p=222596"},"modified":"2022-06-03T15:27:50","modified_gmt":"2022-06-03T13:27:50","slug":"guardie-attive-unica-soluzione-percorribile-per-rafforzare-il-sistema-dellemergenza-e-urgenza-in-sardegna-e-garantire-il-servizio-ai-sardi-e-ai-turisti-lassessore-mario-nieddu","status":"publish","type":"post","link":"https:\/\/www.cronacaonline.it\/index.php\/2022\/06\/03\/guardie-attive-unica-soluzione-percorribile-per-rafforzare-il-sistema-dellemergenza-e-urgenza-in-sardegna-e-garantire-il-servizio-ai-sardi-e-ai-turisti-lassessore-mario-nieddu\/","title":{"rendered":"Guardie attive unica soluzione percorribile per rafforzare il sistema dell\u2019emergenza e urgenza in Sardegna e garantire il servizio ai sardi e ai turisti. L\u2019assessore Mario Nieddu: \u201csoluzione adottata anche in altre regioni, garantito il servizio a tutti gli utenti\u201d."},"content":{"rendered":"\n<p>Cagliari 3 Giu 2022 \u2013\u00a0\u201cLa carenza di medici specialisti \u00e8 oggi la pi\u00f9 grande criticit\u00e0 che il nostro sistema sanitario deve affrontare, sia a livello regionale sia sul piano nazionale. In assenza di nuove regole e di norme speciali, come quelle, ad esempio adottate per governare l\u2019emergenza Covid, che consentano alle Regioni flessibilit\u00e0 e pi\u00f9 ampi spazi di manovra, siamo costretti a valutare qualsiasi strada percorribile per garantire ai cittadini la continuit\u00e0 dei servizi e risposte immediate\u201d, lo dichiara l\u2019assessore regionale della Sanit\u00e0, Mario Nieddu, in riferimento al bando dell\u2019Ares per il potenziamento della rete dell\u2019emergenza e urgenza attraverso l\u2019affidamento, a operatori specializzati, della fornitura del servizio medico di guardia attiva in dodici presidi dell\u2019Isola durante il periodo estivo.<\/p>\n\n\n\n<p>\u201cLa carenza di specialisti \u2013 precisa l\u2019assessore \u2013&nbsp;riguarda tutte le discipline, ma l\u2019emergenza e urgenza \u00e8 uno dei comparti in cui questa criticit\u00e0 \u00e8 particolarmente forte. L\u2019ultimo concorso per l\u2019assunzione di medici per i nostri pronto soccorso ha visto la partecipazione di diciannove specialisti su venti posti a disposizione, un dato gi\u00e0 di per s\u00e9 sintomatico del problema. Inoltre&nbsp;quasi tutti erano&nbsp;medici strutturati, cio\u00e8 gi\u00e0 in servizio nei nostri ospedali. \u00c8 il caso in cui il concorso viene utilizzato come alternativa alla mobilit\u00e0, senza per\u00f2 portare nuovi specialisti al lavoro nel nostro sistema sanitario\u201d.<\/p>\n\n\n\n<p>Una formula, quella sulle guardie attive, gi\u00e0 realt\u00e0 in altre Regioni e sperimentata da tempo in Sardegna, prima all\u2019ospedale Delogu, di Ghilarza, e poi al San Martino di Oristano. \u201cOggi la nostra priorit\u00e0 \u2013 spiega l\u2019esponente della Giunta \u2013&nbsp;\u00e8 dare risposte immediate alle necessit\u00e0 d\u2019assistenza, rafforzando un sistema dell\u2019emergenza e urgenza stremato da oltre due anni di pandemia e con la prospettiva di un\u2019estate che porter\u00e0 nell\u2019Isola un enorme numero di presenze. Non c\u2019\u00e8 alcuna privatizzazione della sanit\u00e0 pubblica, chi polemizza sulle nostre scelte lo fa in modo strumentale senza indicare alternative. \u00c8 doveroso ricordare che dalla fine del 2019 a oggi abbiamo autorizzato 101 concorsi in sanit\u00e0, di cui 60 conclusi, 31 in itinere e 10 non ancora avviati. Abbiamo messo in campo ogni strumento a nostra disposizione, aumentando in modo esponenziale le borse di studio e sbloccando il turnover. Le soluzioni strutturali per\u00f2 richiedono tempo. I medici specialisti sono pochi e per la gestione delle forze in campo abbiamo varato strumenti di incentivi mai visti prima. Abbiamo chiesto al governo soluzioni forti, sarebbe pi\u00f9 auspicabile, nell\u2019interesse dei sardi, che da parte di tutte le forze politiche dell\u2019Isola ci fosse pieno sostegno alle nostre numerose istanze di deroga e di strumenti adeguati da tempo sul tavolo del Ministro della Salute\u201d. Com<\/p>\n","protected":false},"excerpt":{"rendered":"<p>Cagliari 3 Giu 2022 \u2013\u00a0\u201cLa carenza di medici specialisti \u00e8 oggi la pi\u00f9 grande criticit\u00e0 che il nostro sistema sanitario deve affrontare, sia a livello&#8230;<\/p>\n","protected":false},"author":2,"featured_media":218466,"comment_status":"closed","ping_status":"open","sticky":false,"template":"","format":"standard","meta":[],"categories":[49,52],"tags":[],"_links":{"self":[{"href":"https:\/\/www.cronacaonline.it\/index.php\/wp-json\/wp\/v2\/posts\/222596"}],"collection":[{"href":"https:\/\/www.cronacaonline.it\/index.php\/wp-json\/wp\/v2\/posts"}],"about":[{"href":"https:\/\/www.cronacaonline.it\/index.php\/wp-json\/wp\/v2\/types\/post"}],"author":[{"embeddable":true,"href":"https:\/\/www.cronacaonline.it\/index.php\/wp-json\/wp\/v2\/users\/2"}],"replies":[{"embeddable":true,"href":"https:\/\/www.cronacaonline.it\/index.php\/wp-json\/wp\/v2\/comments?post=222596"}],"version-history":[{"count":1,"href":"https:\/\/www.cronacaonline.it\/index.php\/wp-json\/wp\/v2\/posts\/222596\/revisions"}],"predecessor-version":[{"id":222597,"href":"https:\/\/www.cronacaonline.it\/index.php\/wp-json\/wp\/v2\/posts\/222596\/revisions\/222597"}],"wp:featuredmedia":[{"embeddable":true,"href":"https:\/\/www.cronacaonline.it\/index.php\/wp-json\/wp\/v2\/media\/218466"}],"wp:attachment":[{"href":"https:\/\/www.cronacaonline.it\/index.php\/wp-json\/wp\/v2\/media?parent=222596"}],"wp:term":[{"taxonomy":"category","embeddable":true,"href":"https:\/\/www.cronacaonline.it\/index.php\/wp-json\/wp\/v2\/categories?post=222596"},{"taxonomy":"post_tag","embeddable":true,"href":"https:\/\/www.cronacaonline.it\/index.php\/wp-json\/wp\/v2\/tags?post=222596"}],"curies":[{"name":"wp","href":"https:\/\/api.w.org\/{rel}","templated":true}]}}