{"id":222551,"date":"2022-06-02T16:22:35","date_gmt":"2022-06-02T14:22:35","guid":{"rendered":"https:\/\/www.cronacaonline.it\/?p=222551"},"modified":"2022-06-02T16:22:38","modified_gmt":"2022-06-02T14:22:38","slug":"due-giugno-dichiarazione-della-deputata-sarda-romina-mura-pd-continua-battaglia-per-repubblica-delle-donne","status":"publish","type":"post","link":"https:\/\/www.cronacaonline.it\/index.php\/2022\/06\/02\/due-giugno-dichiarazione-della-deputata-sarda-romina-mura-pd-continua-battaglia-per-repubblica-delle-donne\/","title":{"rendered":"Due Giugno: dichiarazione della Deputata sarda Romina Mura (Pd): continua battaglia per Repubblica delle donne."},"content":{"rendered":"\n<p>Cagliari, 2 Giu 2022 - \u201cLa Repubblica Italiana \u00e8 la Repubblica delle donne, ricordiamo come nacque e come si declin\u00f2 dopo la Costituzione e dopo il 25 Aprile: le donne fecero un pezzo importantissimo della Resistenza. Dunque questa \u00e8 la Repubblica nostra e noi dobbiamo continuare la battaglia iniziata dalle partigiane, dalle madri costituenti, da tutte le donne che ci sono state prima di noi e soprattutto per le donne che ci saranno\u201d.<\/p>\n\n\n\n<p>Lo ha detto oggi al Teatro Massimo di Cagliari la presidente della commissione Lavoro della Camera Romina Mura (Pd) intervenendo al 2\u00b0 Congresso delle Donne Sarde 1952 \u2013 2022.<\/p>\n\n\n\n<p>La parlamentare ha ricordato le \u201cgiovani sindache, professioniste, donne del volontariato che ho conosciuto in questi anni di mia prima linea e con le quali ho condiviso momenti belli anche di vittoria, come la battaglia fatta sulla doppia preferenza di genere\u201d.<\/p>\n\n\n\n<p>\u201cOggi festeggiamo la Repubblica ma io dico \u2013 ha ribadito Mura - che quella delle donne non \u00e8 un\u2019altra Repubblica\u201d.&nbsp; E ha aggiunto: \u201canche oggi per il presidente della Regione e per il sindaco di Cagliari c\u2019erano cose pi\u00f9 importanti e questa non \u00e8 una buona cosa, \u00e8 il secondo congresso delle donne sarde dopo 70 anni\u201d. Riferendosi agli schieramenti politici ha chiosato che \u201csuccede anche dalle mie parti che quando ci sono le donne al centro c\u2019\u00e8 sempre qualcosa di pi\u00f9 importante\u201d. \u201cMa noi andiamo avanti\u201d, ha concluso. Red<\/p>\n","protected":false},"excerpt":{"rendered":"<p>Cagliari, 2 Giu 2022 &#8211; \u201cLa Repubblica Italiana \u00e8 la Repubblica delle donne, ricordiamo come nacque e come si declin\u00f2 dopo la Costituzione e dopo&#8230;<\/p>\n","protected":false},"author":2,"featured_media":222552,"comment_status":"closed","ping_status":"open","sticky":false,"template":"","format":"standard","meta":[],"categories":[49,52],"tags":[],"_links":{"self":[{"href":"https:\/\/www.cronacaonline.it\/index.php\/wp-json\/wp\/v2\/posts\/222551"}],"collection":[{"href":"https:\/\/www.cronacaonline.it\/index.php\/wp-json\/wp\/v2\/posts"}],"about":[{"href":"https:\/\/www.cronacaonline.it\/index.php\/wp-json\/wp\/v2\/types\/post"}],"author":[{"embeddable":true,"href":"https:\/\/www.cronacaonline.it\/index.php\/wp-json\/wp\/v2\/users\/2"}],"replies":[{"embeddable":true,"href":"https:\/\/www.cronacaonline.it\/index.php\/wp-json\/wp\/v2\/comments?post=222551"}],"version-history":[{"count":1,"href":"https:\/\/www.cronacaonline.it\/index.php\/wp-json\/wp\/v2\/posts\/222551\/revisions"}],"predecessor-version":[{"id":222553,"href":"https:\/\/www.cronacaonline.it\/index.php\/wp-json\/wp\/v2\/posts\/222551\/revisions\/222553"}],"wp:featuredmedia":[{"embeddable":true,"href":"https:\/\/www.cronacaonline.it\/index.php\/wp-json\/wp\/v2\/media\/222552"}],"wp:attachment":[{"href":"https:\/\/www.cronacaonline.it\/index.php\/wp-json\/wp\/v2\/media?parent=222551"}],"wp:term":[{"taxonomy":"category","embeddable":true,"href":"https:\/\/www.cronacaonline.it\/index.php\/wp-json\/wp\/v2\/categories?post=222551"},{"taxonomy":"post_tag","embeddable":true,"href":"https:\/\/www.cronacaonline.it\/index.php\/wp-json\/wp\/v2\/tags?post=222551"}],"curies":[{"name":"wp","href":"https:\/\/api.w.org\/{rel}","templated":true}]}}