{"id":222522,"date":"2022-06-01T19:23:32","date_gmt":"2022-06-01T17:23:32","guid":{"rendered":"https:\/\/www.cronacaonline.it\/?p=222522"},"modified":"2022-06-01T19:23:35","modified_gmt":"2022-06-01T17:23:35","slug":"trasporti-potenziati-i-collegamenti-con-il-mater-olbia-lassessore-todde-un-servizio-adeguato-in-grado-di-valorizzare-le-potenzialita-del-nuovo-polo-ospedaliero","status":"publish","type":"post","link":"https:\/\/www.cronacaonline.it\/index.php\/2022\/06\/01\/trasporti-potenziati-i-collegamenti-con-il-mater-olbia-lassessore-todde-un-servizio-adeguato-in-grado-di-valorizzare-le-potenzialita-del-nuovo-polo-ospedaliero\/","title":{"rendered":"Trasporti, potenziati i collegamenti con il Mater Olbia. L\u2019assessore Todde: un servizio adeguato in grado di valorizzare le potenzialit\u00e0 del nuovo polo ospedaliero."},"content":{"rendered":"\n<p>Cagliari, 1 Giu 2022 \u2013 L\u2019assessorato regionale dei Trasporti ha dato il via libera alle nuove corse di autobus per potenziare i collegamenti con il Mater Olbia. \u201c\u00c8 necessario \u2013 commenta l\u2019assessore dei Trasporti, Giorgio Todde \u2013 che il nuovo polo ospedaliero, creato per diventare un centro di eccellenza a livello regionale, sia dotato di un adeguato servizio di trasporto pubblico di collegamento con il territorio di riferimento, in grado di valorizzarne ulteriormente le potenzialit\u00e0\u201d.<\/p>\n\n\n\n<p>Sulla base del nuovo contratto di servizio per il trasporto pubblico locale stipulato tra la Regione e l\u2019Aspo \u00e8 stata prevista una riorganizzazione del servizio con le seguenti caratteristiche: estensione del percorso della linea 2 (denominata Nicosia-Mater) con collegamento diretto del Mater Olbia con il centro urbano, l\u2019Ats San Giovanni di Dio e l\u2019aeroporto, con un incremento di percorrenza pari a circa 145.000 km l\u2019anno; la modifica della periodicit\u00e0 del servizio passando da feriale (circa 304 giorni l\u2019anno) a giornaliero (365 giorni l\u2019anno); estensione della fascia oraria di servizio dall\u2019attuale 06:30-20:50, alla nuova fascia dalle 5:30 alle 24:00; incremento della frequenza di servizio dagli attuali 40-45\u2019 ad una media di 35\u2019.<\/p>\n\n\n\n<p>\u201cLa previsione del nuovo collegamento \u00e8 stata possibile grazie alle risorse finanziarie stanziate dal bilancio regionale e tenuto anche conto delle variazioni della domanda di trasporto. La linea verr\u00e0 attivata non appena la Aspo otterr\u00e0 il nulla osta tecnico ai fini della sicurezza da parte del Ministero competente. Verr\u00e0 naturalmente data tempestiva e adeguata pubblicit\u00e0 e informativa all\u2019utenza tramite l\u2019Azienda\u201d, conclude l\u2019esponente della Giunta Sarda. Com<\/p>\n","protected":false},"excerpt":{"rendered":"<p>Cagliari, 1 Giu 2022 \u2013 L\u2019assessorato regionale dei Trasporti ha dato il via libera alle nuove corse di autobus per potenziare i collegamenti con il&#8230;<\/p>\n","protected":false},"author":2,"featured_media":221699,"comment_status":"closed","ping_status":"open","sticky":false,"template":"","format":"standard","meta":[],"categories":[49,52],"tags":[],"_links":{"self":[{"href":"https:\/\/www.cronacaonline.it\/index.php\/wp-json\/wp\/v2\/posts\/222522"}],"collection":[{"href":"https:\/\/www.cronacaonline.it\/index.php\/wp-json\/wp\/v2\/posts"}],"about":[{"href":"https:\/\/www.cronacaonline.it\/index.php\/wp-json\/wp\/v2\/types\/post"}],"author":[{"embeddable":true,"href":"https:\/\/www.cronacaonline.it\/index.php\/wp-json\/wp\/v2\/users\/2"}],"replies":[{"embeddable":true,"href":"https:\/\/www.cronacaonline.it\/index.php\/wp-json\/wp\/v2\/comments?post=222522"}],"version-history":[{"count":1,"href":"https:\/\/www.cronacaonline.it\/index.php\/wp-json\/wp\/v2\/posts\/222522\/revisions"}],"predecessor-version":[{"id":222523,"href":"https:\/\/www.cronacaonline.it\/index.php\/wp-json\/wp\/v2\/posts\/222522\/revisions\/222523"}],"wp:featuredmedia":[{"embeddable":true,"href":"https:\/\/www.cronacaonline.it\/index.php\/wp-json\/wp\/v2\/media\/221699"}],"wp:attachment":[{"href":"https:\/\/www.cronacaonline.it\/index.php\/wp-json\/wp\/v2\/media?parent=222522"}],"wp:term":[{"taxonomy":"category","embeddable":true,"href":"https:\/\/www.cronacaonline.it\/index.php\/wp-json\/wp\/v2\/categories?post=222522"},{"taxonomy":"post_tag","embeddable":true,"href":"https:\/\/www.cronacaonline.it\/index.php\/wp-json\/wp\/v2\/tags?post=222522"}],"curies":[{"name":"wp","href":"https:\/\/api.w.org\/{rel}","templated":true}]}}