{"id":222500,"date":"2022-06-01T14:55:52","date_gmt":"2022-06-01T12:55:52","guid":{"rendered":"https:\/\/www.cronacaonline.it\/?p=222500"},"modified":"2022-06-01T14:55:53","modified_gmt":"2022-06-01T12:55:53","slug":"porti-24-strutture-interessate-dal-piano-della-portualita-nel-nord-sardegna-lassessore-salaris-al-lavoro-per-rendere-ancora-piu-attrattive-le-coste-della-gallura","status":"publish","type":"post","link":"https:\/\/www.cronacaonline.it\/index.php\/2022\/06\/01\/porti-24-strutture-interessate-dal-piano-della-portualita-nel-nord-sardegna-lassessore-salaris-al-lavoro-per-rendere-ancora-piu-attrattive-le-coste-della-gallura\/","title":{"rendered":"Porti, 24 strutture interessate dal piano della portualit\u00e0 nel nord Sardegna. L\u2019assessore Salaris: \u201cal lavoro per rendere ancora pi\u00f9 attrattive le coste della Gallura\u201d."},"content":{"rendered":"\n<p>Cagliari,\u00a01 Giu 2022\u00a0\u2013 Sono 24 le strutture portuali del Nord Sardegna interessate dal Piano regionale della Rete di Portualit\u00e0 turistica, distribuite nel tratto di costa che va da Santa Teresa di Gallura a Olbia (parte alta). Tra le localit\u00e0 di maggior prestigio al centro dell\u2019incontro avvenuto stamani ad Arzachena, guidato dall\u2019Assessore dei Lavori Pubblici, Aldo Salaris, anche La Maddalena, Palau, Cannigione, Porto Cervo, Portisco e Porto Rotondo.<\/p>\n\n\n\n<p>\u201cSiamo all\u2019interno di un\u2019area a forte vocazione turistica, meta tra le pi\u00f9 ambite per i visitatori italiani e stranieri e traino dell\u2019economia sarda \u2013 spiega l\u2019Assessore dei Lavori Pubblici, Aldo Salaris - Questa ampia partecipazione consentir\u00e0 alle strutture tecniche della Regione di affrontare al meglio le specifiche attivit\u00e0 tese alla realizzazione della Rete dei Porti della Sardegna e della valorizzazione di quelli galluresi in particolare, affinch\u00e9 rappresentino ancora di pi\u00f9 un punto di riferimento per il diportismo nautico di tutto il Mediterraneo\u201d.<\/p>\n\n\n\n<p>Obiettivo del piano regionale presentato ai portatori di interesse del Nord Sardegna \u00e8, aggiunge l\u2019esponente della Giunta Solinas, \u201celevare la funzionalit\u00e0 delle strutture portuali, la modernit\u00e0 e la fruibilit\u00e0, sia in termini di accessibilit\u00e0, dalle piccole imbarcazioni sino ai maxi yacht, sia in termini di stagionalit\u00e0. La Gallura, in un progetto di espansione come questo rappresenta un\u2019area privilegiata in quanto gi\u00e0 zona altamente attrattiva, strategica e centrale\u201d.<\/p>\n\n\n\n<p>Finalizzato al completamento del circuito di navigazione diportistica intorno all\u2019Isola, il Piano ha come obiettivo quello di costruire un\u2019offerta di qualit\u00e0 che valorizzi la centralit\u00e0 della posizione della Sardegna nel Mediterraneo. Grazie al Piano della portualit\u00e0, i posti barca saranno meglio distribuiti lungo le coste sarde - la Sardegna pu\u00f2 contare su oltre 1800 km di costa - con evidenti riflessi su quelle infrastrutture portuali di ridotte dimensioni che normalmente risultavano tagliate fuori dal circuito della navigazione.&nbsp;Gli incontri \u2013 quello di stamani \u00e8 il terzo appuntamento - sono parte di un percorso condiviso e rappresentano l\u2019occasione per recepire le considerazioni che arrivano dai portatori di interesse e che porteranno alla proposta del Piano che poi verr\u00e0 sottoposto all\u2019attenzione della Giunta regionale. Com<\/p>\n","protected":false},"excerpt":{"rendered":"<p>Cagliari,\u00a01 Giu 2022\u00a0\u2013 Sono 24 le strutture portuali del Nord Sardegna interessate dal Piano regionale della Rete di Portualit\u00e0 turistica, distribuite nel tratto di costa&#8230;<\/p>\n","protected":false},"author":2,"featured_media":222501,"comment_status":"closed","ping_status":"open","sticky":false,"template":"","format":"standard","meta":[],"categories":[49,52],"tags":[],"_links":{"self":[{"href":"https:\/\/www.cronacaonline.it\/index.php\/wp-json\/wp\/v2\/posts\/222500"}],"collection":[{"href":"https:\/\/www.cronacaonline.it\/index.php\/wp-json\/wp\/v2\/posts"}],"about":[{"href":"https:\/\/www.cronacaonline.it\/index.php\/wp-json\/wp\/v2\/types\/post"}],"author":[{"embeddable":true,"href":"https:\/\/www.cronacaonline.it\/index.php\/wp-json\/wp\/v2\/users\/2"}],"replies":[{"embeddable":true,"href":"https:\/\/www.cronacaonline.it\/index.php\/wp-json\/wp\/v2\/comments?post=222500"}],"version-history":[{"count":1,"href":"https:\/\/www.cronacaonline.it\/index.php\/wp-json\/wp\/v2\/posts\/222500\/revisions"}],"predecessor-version":[{"id":222502,"href":"https:\/\/www.cronacaonline.it\/index.php\/wp-json\/wp\/v2\/posts\/222500\/revisions\/222502"}],"wp:featuredmedia":[{"embeddable":true,"href":"https:\/\/www.cronacaonline.it\/index.php\/wp-json\/wp\/v2\/media\/222501"}],"wp:attachment":[{"href":"https:\/\/www.cronacaonline.it\/index.php\/wp-json\/wp\/v2\/media?parent=222500"}],"wp:term":[{"taxonomy":"category","embeddable":true,"href":"https:\/\/www.cronacaonline.it\/index.php\/wp-json\/wp\/v2\/categories?post=222500"},{"taxonomy":"post_tag","embeddable":true,"href":"https:\/\/www.cronacaonline.it\/index.php\/wp-json\/wp\/v2\/tags?post=222500"}],"curies":[{"name":"wp","href":"https:\/\/api.w.org\/{rel}","templated":true}]}}