{"id":222485,"date":"2022-06-01T10:22:23","date_gmt":"2022-06-01T08:22:23","guid":{"rendered":"https:\/\/www.cronacaonline.it\/?p=222485"},"modified":"2022-06-01T10:22:26","modified_gmt":"2022-06-01T08:22:26","slug":"por-fesr-14-20-assessore-fasolino-la-commissione-europea-approva-lultima-proposta-di-modifica","status":"publish","type":"post","link":"https:\/\/www.cronacaonline.it\/index.php\/2022\/06\/01\/por-fesr-14-20-assessore-fasolino-la-commissione-europea-approva-lultima-proposta-di-modifica\/","title":{"rendered":"Por fesr 14-20, Assessore Fasolino: la commissione europea approva l\u2019ultima proposta di modifica."},"content":{"rendered":"\n<p>Cagliari, 1 Giu 2022 \u2013\u00a0\u00c8 stata approvata ieri dalla Commissione Europea l\u2019ultima proposta di modifica del POR FESR Sardegna 14-20 con cui \u00e8 stata riprogrammata la quota di fondi Ue ancora da spendere, pari a 164,7 milioni, che ora la Regione si prepara a certificare per chiudere nei tempi la programmazione evitando cos\u00ec ogni rischio di definanziamento (la Regione invier\u00e0 il dettaglio delle spese sostenute e la Commissione verificher\u00e0 la coerenza con la tipologia di spesa).<\/p>\n\n\n\n<p>\u201cGrazie alle modifiche apportate sar\u00e0 possibile completare la rendicontazione delle spese programmate attraverso il Fondo Emergenza Imprese Sardegna (FEIS), necessarie ad accompagnare efficacemente la ripresa del sistema produttivo sardo ancora gravato dagli effetti della crisi pandemica\u201d, ha aggiunto l\u2019Assessore della Programmazione e Bilancio, Giuseppe Fasolino. Nel 2021 grazie alla modifica del programma POR FESR Sardegna 14-20 la dotazione del fondo \u00e8 aumentata raggiungendo i 150 milioni di euro (ad oggi sono stati erogati 120 milioni ovvero la totalit\u00e0 delle risorse Ue messe a bando dando risposta a 186 imprese sarde, con gli altri 30 milioni verranno soddisfatte tutte le richieste raggiungendo oltre 200 imprese).<\/p>\n\n\n\n<p>L\u2019Assessore Fasolino guarda con estrema positivit\u00e0 alla chiusura del programma in anticipo rispetto alla scadenza 2023: \u201cCon l\u2019attivazione da parte della Regione della \u2018Opzione 100% UE\u2019 tutte le spese certificate alla Commissione Europea entro luglio 2022 saranno rimborsate interamente dal bilancio comunitario, accelerando l\u2019assorbimento delle risorse FESR assegnate al Programma\u201d, ha spiegato l\u2019Assessore Fasolino. In altre parole, grazie alla misura introdotta per alleviare l'onere che grava sui bilanci nazionali, sar\u00e0 possibile certificare entro la scadenza di luglio la spesa dell\u2019intera quota Ue (pari a 164,7 milioni di euro) e di conseguenza chiudere il programma evitando il definanziamento. Il programma si sarebbe dovuto chiudere entro il 2023 - la spesa per un intervento era suddivisa in quota UE (50%) Stato (35%) e Regione (15%) - ma la Commissione ha consentito di rendicontare gli interventi al 100% come spesa UE, permettendo di fatto di anticipare i tempi. A luglio la Regione rendiconter\u00e0 quindi tutta la quota UE e chiuder\u00e0 il programma con un anno di anticipo.<\/p>\n\n\n\n<p>\u201cIl via libera alla riprogrammazione proposta dalla Regione, che fa presagire una chiusura della programmazione in linea con gli obiettivi che la Regione si era data, ovvero arrivare alla chiusura del programma con un anno di anticipo, \u00e8 arrivata a sole tre settimane dalla notifica ufficiale a Bruxelles e rappresenta un risultato straordinario ottenuto con tenacia e impegno, segno evidente della volont\u00e0 della Regione di incidere in maniera decisa sulle presenti e future politiche di sviluppo della Sardegna&nbsp;&nbsp;sostenendo le imprese e i cittadini e accompagnando la ripresa\u201d, ha aggiunto il Presidente della Regione Christian Solinas.&nbsp;Com<\/p>\n","protected":false},"excerpt":{"rendered":"<p>Cagliari, 1 Giu 2022 \u2013\u00a0\u00c8 stata approvata ieri dalla Commissione Europea l\u2019ultima proposta di modifica del POR FESR Sardegna 14-20 con cui \u00e8 stata riprogrammata&#8230;<\/p>\n","protected":false},"author":2,"featured_media":174882,"comment_status":"closed","ping_status":"open","sticky":false,"template":"","format":"standard","meta":[],"categories":[49,52],"tags":[],"_links":{"self":[{"href":"https:\/\/www.cronacaonline.it\/index.php\/wp-json\/wp\/v2\/posts\/222485"}],"collection":[{"href":"https:\/\/www.cronacaonline.it\/index.php\/wp-json\/wp\/v2\/posts"}],"about":[{"href":"https:\/\/www.cronacaonline.it\/index.php\/wp-json\/wp\/v2\/types\/post"}],"author":[{"embeddable":true,"href":"https:\/\/www.cronacaonline.it\/index.php\/wp-json\/wp\/v2\/users\/2"}],"replies":[{"embeddable":true,"href":"https:\/\/www.cronacaonline.it\/index.php\/wp-json\/wp\/v2\/comments?post=222485"}],"version-history":[{"count":1,"href":"https:\/\/www.cronacaonline.it\/index.php\/wp-json\/wp\/v2\/posts\/222485\/revisions"}],"predecessor-version":[{"id":222486,"href":"https:\/\/www.cronacaonline.it\/index.php\/wp-json\/wp\/v2\/posts\/222485\/revisions\/222486"}],"wp:featuredmedia":[{"embeddable":true,"href":"https:\/\/www.cronacaonline.it\/index.php\/wp-json\/wp\/v2\/media\/174882"}],"wp:attachment":[{"href":"https:\/\/www.cronacaonline.it\/index.php\/wp-json\/wp\/v2\/media?parent=222485"}],"wp:term":[{"taxonomy":"category","embeddable":true,"href":"https:\/\/www.cronacaonline.it\/index.php\/wp-json\/wp\/v2\/categories?post=222485"},{"taxonomy":"post_tag","embeddable":true,"href":"https:\/\/www.cronacaonline.it\/index.php\/wp-json\/wp\/v2\/tags?post=222485"}],"curies":[{"name":"wp","href":"https:\/\/api.w.org\/{rel}","templated":true}]}}