{"id":222467,"date":"2022-05-31T18:02:57","date_gmt":"2022-05-31T16:02:57","guid":{"rendered":"https:\/\/www.cronacaonline.it\/?p=222467"},"modified":"2022-05-31T18:02:59","modified_gmt":"2022-05-31T16:02:59","slug":"programmazione-territoriale-assessore-fasolino-firmato-il-progetto-da-14-milioni-per-la-valorizzazione-del-medio-campidano","status":"publish","type":"post","link":"https:\/\/www.cronacaonline.it\/index.php\/2022\/05\/31\/programmazione-territoriale-assessore-fasolino-firmato-il-progetto-da-14-milioni-per-la-valorizzazione-del-medio-campidano\/","title":{"rendered":"Programmazione territoriale, Assessore Fasolino: firmato il progetto da 14 milioni per la valorizzazione del medio campidano."},"content":{"rendered":"\n<p><br>San Gavino (Su) 31 Magg 2022\u00a0\u2013\u00a0\u00c8 stata posta oggi\u00a0la firma che sancisce l\u2019avvio del progetto di sviluppo territoriale \u2018Percorsi di accoglienza e sostenibilit\u00e0 nel territorio della terra cruda\u2019 che interessa il territorio dell\u2019Unione di Comuni 'Terre del Campidano'. Si tratta di uno dei progetti rimasti indietro perch\u00e9 avviato nel 2018 e \u201crecuperato\u201d nel corso della Legislatura da parte dell\u2019Assessorato della Programmazione che ora avvier\u00e0 tutte le fasi necessarie a dar corpo al piano di sviluppo (valore 14 milioni e mezzo di euro) accelerando la fase attuativo.<\/p>\n\n\n\n<p>\u201cQuella che abbiamo davanti rappresenta un\u2019occasione di rilancio economico e sociale per i territori del Medio Campidano. La Regione ha creduto in questo progetto, garantendo il sostegno necessario a mettere in salvo i finanziamenti e portare a compimento il percorso\", ha spiegato il Presidente della Regione Sardegna. Inizia ora la fase attuativa, a cui si dar\u00e0 avvio con l\u2019istituzione dell\u2019Ufficio unico di progetto propedeutico alla stipula della convenzione e all\u2019avvio dell\u2019attivit\u00e0 che interessa i Comuni di San Gavino, Samassi, Sardara, Serramanna, Serrenti, Pabillonis, riuniti appunto nell\u2019Unione dei Comuni \u2018Terre del Campidano\u2019.<\/p>\n\n\n\n<p>\u201cValorizzazione delle peculiarit\u00e0 dei territori per generare reddito e occupazione, lotta allo spopolamento e all\u2019isolamento, sviluppo locale sono le direttrici che questa Giunta si \u00e8 data e che sta perseguendo con determinazione\u201d, ha aggiunto l\u2019Assessore della Programmazione, Giuseppe Fasolino, che ha firmato il progetto della Programmazione territoriale, oggi&nbsp;a San Gavino, alla presenza di tutti i sindaci del territorio. L\u2019Assessore ha ricordato l\u2019impegno profuso dalla Giunta in favore dei territori: \u201cNella Finanziaria abbiamo inserito 5 milioni di euro come assistenza tecnica per supportare le Unioni dei Comuni nella progettazione e nella fase attuativa. Crediamo fortemente che la valorizzazione dei tratti caratteristici dei territori sia l\u2019obiettivo primario della Programmazione territoriale e la via maestra per creare sviluppo e dare nuove opportunit\u00e0 ai giovani. Quello di oggi&nbsp;a San Gavino \u00e8 uno dei momenti pi\u00f9 importanti: siamo all\u2019approvazione del progetto e questo \u00e8 l\u2019inizio di un cammino di sviluppo\u201d.<\/p>\n\n\n\n<p>Il Progetto di Sviluppo Territoriale \u2018Percorsi di accoglienza e sostenibilit\u00e0 nel territorio della terra cruda\u2019 punta infatti a migliorare l\u2019attrattivit\u00e0 e la competitivit\u00e0 del territorio attraverso lo sviluppo di un sistema di servizi integrato basato sulla valorizzazione delle risorse culturali e ambientali, favorendo la rivitalizzazione del tessuto economico e il potenziamento dei servizi nell\u2019ottica di migliorare la qualit\u00e0 della vita, il benessere delle persone e generare lavoro tramite la conoscenza, per contrastare il progressivo spopolamento dell\u2019area.<br>L\u2019idea alla base del progetto \u00e8 quella di sfruttare il ricco patrimonio esistente in terra cruda quale esempio di costruzioni nell\u2019ambito della bioedilizia per diffondere il sapere e le tecniche tradizionali. Contemporaneamente il progetto punta alla formazione di nuove professionalit\u00e0 specializzate nel campo delle energie rinnovabili e della sostenibilit\u00e0 con l\u2019implementazione dei servizi connessi, sfruttandole per creare soluzioni innovative e tecnologiche per la cittadinanza. Sono inclusi, inoltre, interventi volti alla mobilit\u00e0 sostenibile e all\u2019inclusione sociale delle fasce deboli della popolazione. In estrema sintesi, i principali interventi previsti riguardano la riqualificazione delle strutture tradizionali in terra cruda che caratterizzano l\u2019intero territorio dell\u2019Unione, cui sono destinati circa 4,720 milioni; la valorizzazione dei beni culturali e il patrimonio termale esistente attraverso la realizzazione di percorsi sportivi e del benessere (1,225 milioni); la messa a sistema delle varie iniziative sociali presenti nel territorio (4,327 milioni) tra le quali il recupero degli edifici da adibire a Polo sociale ed educativo (compresa l'integrazione dei migranti) e il Centro antiviolenza (unico riferimento per tutto il Medio Campidano).&nbsp;Com<\/p>\n","protected":false},"excerpt":{"rendered":"<p>San Gavino (Su) 31 Magg 2022\u00a0\u2013\u00a0\u00c8 stata posta oggi\u00a0la firma che sancisce l\u2019avvio del progetto di sviluppo territoriale \u2018Percorsi di accoglienza e sostenibilit\u00e0 nel territorio&#8230;<\/p>\n","protected":false},"author":2,"featured_media":222468,"comment_status":"closed","ping_status":"open","sticky":false,"template":"","format":"standard","meta":[],"categories":[49,52],"tags":[],"_links":{"self":[{"href":"https:\/\/www.cronacaonline.it\/index.php\/wp-json\/wp\/v2\/posts\/222467"}],"collection":[{"href":"https:\/\/www.cronacaonline.it\/index.php\/wp-json\/wp\/v2\/posts"}],"about":[{"href":"https:\/\/www.cronacaonline.it\/index.php\/wp-json\/wp\/v2\/types\/post"}],"author":[{"embeddable":true,"href":"https:\/\/www.cronacaonline.it\/index.php\/wp-json\/wp\/v2\/users\/2"}],"replies":[{"embeddable":true,"href":"https:\/\/www.cronacaonline.it\/index.php\/wp-json\/wp\/v2\/comments?post=222467"}],"version-history":[{"count":1,"href":"https:\/\/www.cronacaonline.it\/index.php\/wp-json\/wp\/v2\/posts\/222467\/revisions"}],"predecessor-version":[{"id":222469,"href":"https:\/\/www.cronacaonline.it\/index.php\/wp-json\/wp\/v2\/posts\/222467\/revisions\/222469"}],"wp:featuredmedia":[{"embeddable":true,"href":"https:\/\/www.cronacaonline.it\/index.php\/wp-json\/wp\/v2\/media\/222468"}],"wp:attachment":[{"href":"https:\/\/www.cronacaonline.it\/index.php\/wp-json\/wp\/v2\/media?parent=222467"}],"wp:term":[{"taxonomy":"category","embeddable":true,"href":"https:\/\/www.cronacaonline.it\/index.php\/wp-json\/wp\/v2\/categories?post=222467"},{"taxonomy":"post_tag","embeddable":true,"href":"https:\/\/www.cronacaonline.it\/index.php\/wp-json\/wp\/v2\/tags?post=222467"}],"curies":[{"name":"wp","href":"https:\/\/api.w.org\/{rel}","templated":true}]}}