{"id":222453,"date":"2022-05-31T12:21:07","date_gmt":"2022-05-31T10:21:07","guid":{"rendered":"https:\/\/www.cronacaonline.it\/?p=222453"},"modified":"2022-05-31T12:21:09","modified_gmt":"2022-05-31T10:21:09","slug":"industria-assessore-pili-la-regione-e-interessata-al-futuro-delle-saline-conti-vecchi-e-la-recente-cessione-e-oggetto-di-scrupolosa-attenzione","status":"publish","type":"post","link":"https:\/\/www.cronacaonline.it\/index.php\/2022\/05\/31\/industria-assessore-pili-la-regione-e-interessata-al-futuro-delle-saline-conti-vecchi-e-la-recente-cessione-e-oggetto-di-scrupolosa-attenzione\/","title":{"rendered":"Industria, assessore Pili: \u2018la Regione \u00e8 interessata al futuro delle saline conti vecchi e la recente cessione \u00e8 oggetto di scrupolosa attenzione\u2019."},"content":{"rendered":"\n<p>Cagliari, 30 Magg 2022\u00a0\u2013 \u201cLa Regione \u00e8 fortemente interessata al futuro delle saline Conti Vecchi e la recente cessione di quote societarie da parte dell\u2019Eni, a cui fa capo la concessione mineraria, \u00e8 oggetto di scrupolosa attenzione in merito al mantenimento del presidio industriale, dei livelli occupazionali e delle prospettive di coerenza e sviluppo con il sistema industriale regionale\u201d. Lo ha detto l\u2019assessore regionale dell\u2019Industria, Anita Pili, durante l\u2019incontro\u00a0coi rappresentanti dei sindacati sul tema della cessione delle saline di Cagliari.<\/p>\n\n\n\n<p>\u201cL\u2019impatto del subentro di una nuova propriet\u00e0 sar\u00e0 attentamente verificato dalla Regione, che monitorer\u00e0 il mantenimento delle condizioni che avevano dato luogo prima al rilascio della concessione e poi al rinnovo \u2013 ha aggiunto l\u2019assessore Pili \u2013 Fino ad oggi, non c\u2019\u00e8 stato alcun momento di confronto formale tra Eni e istituzioni regionali per verificare la procedura in corso, ma \u00e8 auspicabile che avvenga al pi\u00f9 presto. Comunque, registriamo l\u2019ennesimo \u2018abbandono\u2019 da parte di Eni nei confronti della Sardegna, a riprova ulteriore del suo disinteressamento per la nostra realt\u00e0 socioeconomica\u201d.<\/p>\n\n\n\n<p>\u201cE\u2019 certamente necessario un protocollo che abbia l\u2019obiettivo di garantire il futuro di questo fondamentale presidio, caratterizzato da un\u2018altissima professionalit\u00e0, all\u2019interno del sistema industriale sardo e per garantire i lavoratori, almeno 66 tra occupati a tempo pieno e stagionali, oltre a quelli dell\u2019indotto. A breve, sar\u00e0 convocato un tavolo interistituzionale per affrontare la questione\u201d, ha concluso l\u2019esponente della Giunta Solinas. Com<\/p>\n","protected":false},"excerpt":{"rendered":"<p>Cagliari, 30 Magg 2022\u00a0\u2013 \u201cLa Regione \u00e8 fortemente interessata al futuro delle saline Conti Vecchi e la recente cessione di quote societarie da parte dell\u2019Eni,&#8230;<\/p>\n","protected":false},"author":2,"featured_media":222365,"comment_status":"closed","ping_status":"open","sticky":false,"template":"","format":"standard","meta":[],"categories":[49,52],"tags":[],"_links":{"self":[{"href":"https:\/\/www.cronacaonline.it\/index.php\/wp-json\/wp\/v2\/posts\/222453"}],"collection":[{"href":"https:\/\/www.cronacaonline.it\/index.php\/wp-json\/wp\/v2\/posts"}],"about":[{"href":"https:\/\/www.cronacaonline.it\/index.php\/wp-json\/wp\/v2\/types\/post"}],"author":[{"embeddable":true,"href":"https:\/\/www.cronacaonline.it\/index.php\/wp-json\/wp\/v2\/users\/2"}],"replies":[{"embeddable":true,"href":"https:\/\/www.cronacaonline.it\/index.php\/wp-json\/wp\/v2\/comments?post=222453"}],"version-history":[{"count":1,"href":"https:\/\/www.cronacaonline.it\/index.php\/wp-json\/wp\/v2\/posts\/222453\/revisions"}],"predecessor-version":[{"id":222454,"href":"https:\/\/www.cronacaonline.it\/index.php\/wp-json\/wp\/v2\/posts\/222453\/revisions\/222454"}],"wp:featuredmedia":[{"embeddable":true,"href":"https:\/\/www.cronacaonline.it\/index.php\/wp-json\/wp\/v2\/media\/222365"}],"wp:attachment":[{"href":"https:\/\/www.cronacaonline.it\/index.php\/wp-json\/wp\/v2\/media?parent=222453"}],"wp:term":[{"taxonomy":"category","embeddable":true,"href":"https:\/\/www.cronacaonline.it\/index.php\/wp-json\/wp\/v2\/categories?post=222453"},{"taxonomy":"post_tag","embeddable":true,"href":"https:\/\/www.cronacaonline.it\/index.php\/wp-json\/wp\/v2\/tags?post=222453"}],"curies":[{"name":"wp","href":"https:\/\/api.w.org\/{rel}","templated":true}]}}