{"id":222440,"date":"2022-05-30T16:35:00","date_gmt":"2022-05-30T14:35:00","guid":{"rendered":"https:\/\/www.cronacaonline.it\/?p=222440"},"modified":"2022-05-30T16:35:02","modified_gmt":"2022-05-30T14:35:02","slug":"rettifica-la-seduta-congiunta-delle-commissioni-consiliari-sardegna-trasporti-ed-attivita-produttive-si-terra-martedi-prossimo-7-giugno","status":"publish","type":"post","link":"https:\/\/www.cronacaonline.it\/index.php\/2022\/05\/30\/rettifica-la-seduta-congiunta-delle-commissioni-consiliari-sardegna-trasporti-ed-attivita-produttive-si-terra-martedi-prossimo-7-giugno\/","title":{"rendered":"Rettifica: la seduta congiunta delle commissioni consiliari Sardegna, Trasporti ed Attivit\u00e0 produttive, si terr\u00e0 marted\u00ec prossimo 7 giugno."},"content":{"rendered":"\n<p>Cagliari, 30 Magg 2022 \u2013 La seduta congiunta della commissioni Trasporti ed Attivit\u00e0 produttive sull\u2019ipotesi di privatizzazione dell\u2019aeroporto di Elmas si terr\u00e0 marted\u00ec prossimo 7 giugno.<\/p>\n\n\n\n<p>Mercoled\u00ec 8, inoltre, \u00e8 in calendario la riunione della commissione Attivit\u00e0 produttive che prevede, fra l\u2019altro, le audizioni dell\u2019assessore del Commercio Gianni Chessa sulle agevolazioni alle imprese del comparto commerciale e la situazione dei contributi alle imprese artigiane (c.d. \u201cArtigiancassa\u201d).<\/p>\n","protected":false},"excerpt":{"rendered":"<p>Cagliari, 30 Magg 2022 \u2013 La seduta congiunta della commissioni Trasporti ed Attivit\u00e0 produttive sull\u2019ipotesi di privatizzazione dell\u2019aeroporto di Elmas si terr\u00e0 marted\u00ec prossimo 7&#8230;<\/p>\n","protected":false},"author":2,"featured_media":191300,"comment_status":"closed","ping_status":"open","sticky":false,"template":"","format":"standard","meta":[],"categories":[49,52],"tags":[],"_links":{"self":[{"href":"https:\/\/www.cronacaonline.it\/index.php\/wp-json\/wp\/v2\/posts\/222440"}],"collection":[{"href":"https:\/\/www.cronacaonline.it\/index.php\/wp-json\/wp\/v2\/posts"}],"about":[{"href":"https:\/\/www.cronacaonline.it\/index.php\/wp-json\/wp\/v2\/types\/post"}],"author":[{"embeddable":true,"href":"https:\/\/www.cronacaonline.it\/index.php\/wp-json\/wp\/v2\/users\/2"}],"replies":[{"embeddable":true,"href":"https:\/\/www.cronacaonline.it\/index.php\/wp-json\/wp\/v2\/comments?post=222440"}],"version-history":[{"count":1,"href":"https:\/\/www.cronacaonline.it\/index.php\/wp-json\/wp\/v2\/posts\/222440\/revisions"}],"predecessor-version":[{"id":222441,"href":"https:\/\/www.cronacaonline.it\/index.php\/wp-json\/wp\/v2\/posts\/222440\/revisions\/222441"}],"wp:featuredmedia":[{"embeddable":true,"href":"https:\/\/www.cronacaonline.it\/index.php\/wp-json\/wp\/v2\/media\/191300"}],"wp:attachment":[{"href":"https:\/\/www.cronacaonline.it\/index.php\/wp-json\/wp\/v2\/media?parent=222440"}],"wp:term":[{"taxonomy":"category","embeddable":true,"href":"https:\/\/www.cronacaonline.it\/index.php\/wp-json\/wp\/v2\/categories?post=222440"},{"taxonomy":"post_tag","embeddable":true,"href":"https:\/\/www.cronacaonline.it\/index.php\/wp-json\/wp\/v2\/tags?post=222440"}],"curies":[{"name":"wp","href":"https:\/\/api.w.org\/{rel}","templated":true}]}}