{"id":222428,"date":"2022-05-30T16:10:28","date_gmt":"2022-05-30T14:10:28","guid":{"rendered":"https:\/\/www.cronacaonline.it\/?p=222428"},"modified":"2022-05-30T16:10:30","modified_gmt":"2022-05-30T14:10:30","slug":"consiglio-sardegna-lavori-commissioni-consiliari-ecco-il-calendario-della-settimana","status":"publish","type":"post","link":"https:\/\/www.cronacaonline.it\/index.php\/2022\/05\/30\/consiglio-sardegna-lavori-commissioni-consiliari-ecco-il-calendario-della-settimana\/","title":{"rendered":"Consiglio Sardegna \u2013 Lavori Commissioni consiliari: ecco il calendario della settimana."},"content":{"rendered":"\n<p>Cagliari, 30 Magg 2022 \u2013 L\u2019attivit\u00e0 della commissioni consiliari permanenti e speciali riprender\u00e0 da domani (marted\u00ec 31 maggio).<\/p>\n\n\n\n<p>La commissione Sanit\u00e0, presieduta da Antonio Mario Mundula, si riunir\u00e0 alle 10.00 per esaminare il Piano di ripartizione delle risorse dei Plus (piani locali servizi integrati alla persona) ed il Pnrr-Misura 6 Salute che contiene gli interventi sul sistema sanitario regionale.<\/p>\n\n\n\n<p>All\u2019ordine del giorno anche il Testo unico sull\u2019autismo e la Pl 196 sul riconoscimento della associazioni sportive storiche.<\/p>\n\n\n\n<p>Sempre marted\u00ec ma alle 10.30 seduta per la commissione Bilancio presieduta da Stefano Schirru (Psd\u2019Az), chiamata ad esprimere pareri finanziari su: Pl 305 (Oleoturismo in Sardegna), 168 (Coltivazione e valorizzazione dei tartufi) e 170 (Coltivazione e valorizzazione dei funghi).<\/p>\n\n\n\n<p>Sempre per marted\u00ec ma alle 16.00 \u00e8 stata convocata la riunione congiunta delle commissioni Trasporti presieduta da Giuseppe Talanas (Forza Italia) ed Attivit\u00e0 produttive, presieduta da Piero Maieli (Psd\u2019Az), per discutere dell\u2019ipotesi di privatizzazione dell\u2019aeroporto di Cagliari-Elmas. Ne parleranno il presidente della Camera di Commercio di Cagliari-Oristano, il presidente della societ\u00e0 di gestione dello scalo (Sogaer), i rappresentanti delle categorie e delle parti sociali: Confindustria, Confapi, Confcommercio, Confesercenti, Federalberghi, Assohotel, Cgil, Cisl e Uil.<\/p>\n\n\n\n<p>La commissione Attivit\u00e0 produttive proseguir\u00e0 i lavori il giorno dopo (mercoled\u00ec 1\u00b0giugno) in seduta ordinaria con l\u2019audizione alle 10.30 di Anci Sardegna sulla Pl 300 (utilizzo produttivo delle aree ex minerarie). Successivamente, l\u2019assessore del Commercio Gianni Chessa riferir\u00e0 sulla delibera riguardante i criteri per la concessione di contributi ed agevolazioni creditizie alle imprese commerciali e sulle misure di sostegno al comparto artigiano (c.d. \u201cArtigiancassa\u201d).<\/p>\n\n\n\n<p>Mercoled\u00ec seduta anche per la commissione Pubblica Istruzione, presieduta da Francesco Stara (Udc-Sardegna al Centro). Alle 10.30 l\u2019assessore competente Andrea Biancareddu illustrer\u00e0 una delibera in materia di politiche giovanili e a seguire, sar\u00e0 ascoltato il Comitato delle associazioni sarde per la mobilit\u00e0 internazionale (Casm).<\/p>\n\n\n\n<p>L\u2019assessore Biancareddu presenter\u00e0 inoltre le linee-guida relative all\u2019intervento della Regione in favore delle minoranze linguistiche storiche.<\/p>\n\n\n\n<p>Ancora mercoled\u00ec ma alle 12.30 riunione della commissione speciale per il riconoscimento del principio di insularit\u00e0, presieduta da Michela Cossa (Riformatori). \u00c8 previsto l\u2019intervento del prof. Alessio Zuddas dell\u2019Universit\u00e0 di Cagliari che illustrer\u00e0 l\u2019accordo fra la Facolt\u00e0 di Scienze politiche e sociali ed il Consiglio regionale sulle materie di interesse comune. Com<\/p>\n","protected":false},"excerpt":{"rendered":"<p>Cagliari, 30 Magg 2022 \u2013 L\u2019attivit\u00e0 della commissioni consiliari permanenti e speciali riprender\u00e0 da domani (marted\u00ec 31 maggio). La commissione Sanit\u00e0, presieduta da Antonio Mario&#8230;<\/p>\n","protected":false},"author":2,"featured_media":192512,"comment_status":"closed","ping_status":"open","sticky":false,"template":"","format":"standard","meta":[],"categories":[49,52],"tags":[],"_links":{"self":[{"href":"https:\/\/www.cronacaonline.it\/index.php\/wp-json\/wp\/v2\/posts\/222428"}],"collection":[{"href":"https:\/\/www.cronacaonline.it\/index.php\/wp-json\/wp\/v2\/posts"}],"about":[{"href":"https:\/\/www.cronacaonline.it\/index.php\/wp-json\/wp\/v2\/types\/post"}],"author":[{"embeddable":true,"href":"https:\/\/www.cronacaonline.it\/index.php\/wp-json\/wp\/v2\/users\/2"}],"replies":[{"embeddable":true,"href":"https:\/\/www.cronacaonline.it\/index.php\/wp-json\/wp\/v2\/comments?post=222428"}],"version-history":[{"count":1,"href":"https:\/\/www.cronacaonline.it\/index.php\/wp-json\/wp\/v2\/posts\/222428\/revisions"}],"predecessor-version":[{"id":222429,"href":"https:\/\/www.cronacaonline.it\/index.php\/wp-json\/wp\/v2\/posts\/222428\/revisions\/222429"}],"wp:featuredmedia":[{"embeddable":true,"href":"https:\/\/www.cronacaonline.it\/index.php\/wp-json\/wp\/v2\/media\/192512"}],"wp:attachment":[{"href":"https:\/\/www.cronacaonline.it\/index.php\/wp-json\/wp\/v2\/media?parent=222428"}],"wp:term":[{"taxonomy":"category","embeddable":true,"href":"https:\/\/www.cronacaonline.it\/index.php\/wp-json\/wp\/v2\/categories?post=222428"},{"taxonomy":"post_tag","embeddable":true,"href":"https:\/\/www.cronacaonline.it\/index.php\/wp-json\/wp\/v2\/tags?post=222428"}],"curies":[{"name":"wp","href":"https:\/\/api.w.org\/{rel}","templated":true}]}}