{"id":222420,"date":"2022-05-30T14:58:09","date_gmt":"2022-05-30T12:58:09","guid":{"rendered":"https:\/\/www.cronacaonline.it\/?p=222420"},"modified":"2022-05-30T14:58:12","modified_gmt":"2022-05-30T12:58:12","slug":"ittiri-gli-assessori-murgia-e-salaris-incontrano-i-produttori-di-carciofi-vicini-agli-agricoltori-assegnata-quota-irrigua-anche-alla-valle-dei-giunchi","status":"publish","type":"post","link":"https:\/\/www.cronacaonline.it\/index.php\/2022\/05\/30\/ittiri-gli-assessori-murgia-e-salaris-incontrano-i-produttori-di-carciofi-vicini-agli-agricoltori-assegnata-quota-irrigua-anche-alla-valle-dei-giunchi\/","title":{"rendered":"Ittiri, gli assessori Murgia e Salaris incontrano i produttori di carciofi: \u201cvicini agli agricoltori, assegnata quota irrigua anche alla valle dei giunchi."},"content":{"rendered":"\n<p>Cagliari, 30 Magg 2022\u00a0\u2013 La Regione non lascia soli i produttori di carciofi della Valle dei Giunchi in difficolt\u00e0 per effetto delle condizioni critiche del lago Bidighinzu. Si \u00e8 svolto questa mattina a Ittiri l\u2019incontro tra gli Assessori dell\u2019Agricoltura, Gabriella Murgia, e dei Lavori Pubblici, Aldo Salaris, e i produttori di carciofi della Valle dei Giunchi, l\u2019unico territorio regionale a cui non era stato possibile assegnare i volumi d\u2019acqua ai fini irrigui e che ora si vedranno assegnata la quota minima disponibile con l\u2019ulteriore impegno, preso sempre dalla Regione, di un intervento di riparazione immediato da concludersi entro 30 giorni. Gli agricoltori, anche davanti alla quota esigua a disposizione, hanno infatti scelto di andare avanti con la coltura del carciofo.<\/p>\n\n\n\n<p>Una situazione di emergenza, quella che riguarda il comprensorio della Valle dei Giunchi, che i due esponenti della Giunta Solinas hanno voluto condividere direttamente con il mondo delle campagne a cui \u00e8 stata dettagliatamente esposta la situazione. La Regione, considerate le necessit\u00e0 degli agricoltori di avviare le coltivazioni, ha preso l\u2019impegno di mettere immediatamente a disposizione le risorse economiche per un intervento sulla condotta da terminarsi entro la fine di giugno e di garantire la parte di risorse idriche al momento disponibili (1.060.000 meri cubi d\u2019acqua).<\/p>\n\n\n\n<figure class=\"wp-block-image size-full is-resized\"><img loading=\"lazy\" src=\"https:\/\/www.cronacaonline.it\/wp-content\/uploads\/2022\/05\/Tavolo-con-assessori-Salaris-e-Murgia-a-Iittiri.jpg\" alt=\"\" class=\"wp-image-222421\" width=\"729\" height=\"486\" srcset=\"https:\/\/www.cronacaonline.it\/wp-content\/uploads\/2022\/05\/Tavolo-con-assessori-Salaris-e-Murgia-a-Iittiri.jpg 600w, https:\/\/www.cronacaonline.it\/wp-content\/uploads\/2022\/05\/Tavolo-con-assessori-Salaris-e-Murgia-a-Iittiri-300x200.jpg 300w\" sizes=\"(max-width: 729px) 100vw, 729px\" \/><\/figure>\n\n\n\n<p>Anche le ultime precipitazioni, troppo deboli rispetto all\u2019acqua piovana caduta in altre zone, non hanno permesso di alleviare la situazione n\u00e9 di aumentare in alcuna maniera la capienza del lago che \u00e8 rimasto a livelli bassi rispetto agli scorsi anni. A condizionare negativamente la capacit\u00e0 del sistema di erogare l\u2019acqua, oltre alla capienza dell\u2019invaso bassa a causa della mancanza di precipitazioni, si aggiungono le condizioni critiche nelle quali versa la condotta gestita dall\u2019Enas. \u00c8 proprio sul problema strutturale che si \u00e8 maggiormente concentrata l\u2019attenzione dell\u2019Assessorato dei Lavori Pubblici che, in stretta collaborazione con l\u2019Assessorato dell\u2019agricoltura, ha recuperato le risorse necessarie per accelerare quanto pi\u00f9 possibile la realizzazione della nuova opera. Nel dettaglio, la Regione ha ottenuto un finanziamento di 15 milioni di euro (fondi PNRR) per rifare integralmente la condotta che partendo dal Bidighinzu collega la diga al sistema irriguo e recupera la risorsa idrica invasata dalla traversa del rio Minore, con l\u2019obiettivo di sprecare meno risorsa possibile. Il progetto che consentir\u00e0 di utilizzare le risorse idriche del lago Bidighinzu (traversa del rio Minore) e quelle dei reflui depurati provenienti dall\u2019impianto di depurazione, dovr\u00e0 necessariamente andare in appalto entro il prossimo anno. L\u2019Assessorato si \u00e8 impegnato anche con un finanziamento diretto di 2 milioni e 200mila, concesso sempre al Consorzio di bonifica della Nurra, per la realizzazione di un intervento strutturale sul tratto di condotta maggiormente deteriorato.<\/p>\n\n\n\n<p>\u201cNell\u2019immediato Enas avvier\u00e0 un intervento tampone di riduzione delle perdite idriche per garantire, cos\u00ec come richiesto dagli agricoltori, almeno il milione di metri cubi disponibile \u2013 ha spiegato l\u2019Assessore Salaris - Dobbiamo tutelare le aziende agricole ma non possiamo intaccare le scorte (pari al 5%) che ci consentono di garantire l\u2019uso potabile e soprattutto le forniture d\u2019acqua alle strutture ospedaliere di Sassari e Ittiri. Possiamo quindi ragionare solo sul milione circa di metri cubi di acqua a disposizione \u2013 ha proseguito l\u2019Assessore - su cui per\u00f2 intervengono negativamente anche le condizioni della condotta che non permettono l\u2019arrivo alle campagne del totale di volume d\u2019acqua perch\u00e9 una parte viene dispersa: \u00e8 l\u00ec che interverremo nell\u2019auspicio di ridurre quanto pi\u00f9 possibile la dispersione di risorsa idrica\u201d. Una situazione critica, che la mancanza di precipitazioni ha fatto diventare di assoluta emergenza, come rimarcato anche dall\u2019Assessore dell\u2019Agricoltura, Gabriella Murgia che non potendo intervenire in termini di sovvenzioni dirette ma condividendo le preoccupazioni degli agricoltori, ha garantito la massima collaborazione, attraverso tutti i soggetti coinvolti affinch\u00e9 gli agricoltori risentano il meno possibile della difficile situazione. Com<\/p>\n","protected":false},"excerpt":{"rendered":"<p>Cagliari, 30 Magg 2022\u00a0\u2013 La Regione non lascia soli i produttori di carciofi della Valle dei Giunchi in difficolt\u00e0 per effetto delle condizioni critiche del&#8230;<\/p>\n","protected":false},"author":2,"featured_media":222422,"comment_status":"closed","ping_status":"open","sticky":false,"template":"","format":"standard","meta":[],"categories":[49,52],"tags":[],"_links":{"self":[{"href":"https:\/\/www.cronacaonline.it\/index.php\/wp-json\/wp\/v2\/posts\/222420"}],"collection":[{"href":"https:\/\/www.cronacaonline.it\/index.php\/wp-json\/wp\/v2\/posts"}],"about":[{"href":"https:\/\/www.cronacaonline.it\/index.php\/wp-json\/wp\/v2\/types\/post"}],"author":[{"embeddable":true,"href":"https:\/\/www.cronacaonline.it\/index.php\/wp-json\/wp\/v2\/users\/2"}],"replies":[{"embeddable":true,"href":"https:\/\/www.cronacaonline.it\/index.php\/wp-json\/wp\/v2\/comments?post=222420"}],"version-history":[{"count":1,"href":"https:\/\/www.cronacaonline.it\/index.php\/wp-json\/wp\/v2\/posts\/222420\/revisions"}],"predecessor-version":[{"id":222423,"href":"https:\/\/www.cronacaonline.it\/index.php\/wp-json\/wp\/v2\/posts\/222420\/revisions\/222423"}],"wp:featuredmedia":[{"embeddable":true,"href":"https:\/\/www.cronacaonline.it\/index.php\/wp-json\/wp\/v2\/media\/222422"}],"wp:attachment":[{"href":"https:\/\/www.cronacaonline.it\/index.php\/wp-json\/wp\/v2\/media?parent=222420"}],"wp:term":[{"taxonomy":"category","embeddable":true,"href":"https:\/\/www.cronacaonline.it\/index.php\/wp-json\/wp\/v2\/categories?post=222420"},{"taxonomy":"post_tag","embeddable":true,"href":"https:\/\/www.cronacaonline.it\/index.php\/wp-json\/wp\/v2\/tags?post=222420"}],"curies":[{"name":"wp","href":"https:\/\/api.w.org\/{rel}","templated":true}]}}