{"id":222336,"date":"2022-05-27T14:15:23","date_gmt":"2022-05-27T12:15:23","guid":{"rendered":"https:\/\/www.cronacaonline.it\/?p=222336"},"modified":"2022-05-27T14:15:25","modified_gmt":"2022-05-27T12:15:25","slug":"ambiente-assessore-lampis-inaugura-la-nuova-discarica-di-esterzili-che-ha-raggiunto-il-tasso-piu-alto-in-sardegna-di-differenziata","status":"publish","type":"post","link":"https:\/\/www.cronacaonline.it\/index.php\/2022\/05\/27\/ambiente-assessore-lampis-inaugura-la-nuova-discarica-di-esterzili-che-ha-raggiunto-il-tasso-piu-alto-in-sardegna-di-differenziata\/","title":{"rendered":"Ambiente: assessore Lampis inaugura la nuova discarica di Esterzili che ha raggiunto il tasso pi\u00f9 alto in Sardegna di differenziata."},"content":{"rendered":"\n<p>Esterzili, 27 maggio 2022 \u2013\u00a0Una eccellenza per la raccolta differenziata che rappresenta un esempio per tutta la Comunit\u00e0 montana del Sarcidano e Barbagia di Seulo ed un premio per il Comune di Esterzili che \u00e8 ai massimi in tutta la Sardegna come percentuale di raccolta differenziata, oltre l\u201980 per cento.<\/p>\n\n\n\n<p>Lo ha detto l\u2019Assessore regionale all\u2019Ambiente, Gianni Lampis, intervenendo al taglio del nastro della nuova struttura, finanziata dalla Regione con 80 mila euro.<\/p>\n\n\n\n<p>\u201cStiamo inaugurando il nuovo ecocentro della comunit\u00e0 di Esterzili \u2013 ha sottolineato ancora l\u2019Assessore Lampis - a dimostrazione del fatto ci come la Regione sia interessata a perseguire l\u2019obbiettivo dell\u201980 per cento di raccolta differenziata in tutto il territorio regionale, anche nei luoghi delle zone interne della Sardegna, dove esistono comunit\u00e0 che hanno il diritto di avere gli stessi servizi, presente nelle aree maggiormente antropizzate\u201d.<\/p>\n\n\n\n<p>\u201cStiamo valutando ora un ulteriore finanziamento per l\u2019efficentamento di quello che oggi inauguriamo e in una prossima seduta di Giunta, il Comune ricever\u00e0 circa 30 mila euro per la bonifica di aree degradate dalla presenza di rifiuti affinch\u00e9&nbsp;questa Comunit\u00e0 possa fare ancora una volta del proprio patrimonio ambientale e paesaggistico un motivo di valorizzazione per tutti coloro che sono qui presenti e per tutti quelli che vorranno venire a visitare la Comunit\u00e0.\u201d Particolare attenzione \u00e8 stata rivolta ai numerosi bambini delle scuole presenti all\u2019inaugurazione in quanto sono e saranno loro i nuovi guardiani ambientali. Le nuove generazioni hanno una nuova e&nbsp;maggiore visione ambientalistica a difesa del loro territorio. Com<\/p>\n","protected":false},"excerpt":{"rendered":"<p>Esterzili, 27 maggio 2022 \u2013\u00a0Una eccellenza per la raccolta differenziata che rappresenta un esempio per tutta la Comunit\u00e0 montana del Sarcidano e Barbagia di Seulo&#8230;<\/p>\n","protected":false},"author":2,"featured_media":222337,"comment_status":"closed","ping_status":"open","sticky":false,"template":"","format":"standard","meta":[],"categories":[49,52],"tags":[],"_links":{"self":[{"href":"https:\/\/www.cronacaonline.it\/index.php\/wp-json\/wp\/v2\/posts\/222336"}],"collection":[{"href":"https:\/\/www.cronacaonline.it\/index.php\/wp-json\/wp\/v2\/posts"}],"about":[{"href":"https:\/\/www.cronacaonline.it\/index.php\/wp-json\/wp\/v2\/types\/post"}],"author":[{"embeddable":true,"href":"https:\/\/www.cronacaonline.it\/index.php\/wp-json\/wp\/v2\/users\/2"}],"replies":[{"embeddable":true,"href":"https:\/\/www.cronacaonline.it\/index.php\/wp-json\/wp\/v2\/comments?post=222336"}],"version-history":[{"count":1,"href":"https:\/\/www.cronacaonline.it\/index.php\/wp-json\/wp\/v2\/posts\/222336\/revisions"}],"predecessor-version":[{"id":222338,"href":"https:\/\/www.cronacaonline.it\/index.php\/wp-json\/wp\/v2\/posts\/222336\/revisions\/222338"}],"wp:featuredmedia":[{"embeddable":true,"href":"https:\/\/www.cronacaonline.it\/index.php\/wp-json\/wp\/v2\/media\/222337"}],"wp:attachment":[{"href":"https:\/\/www.cronacaonline.it\/index.php\/wp-json\/wp\/v2\/media?parent=222336"}],"wp:term":[{"taxonomy":"category","embeddable":true,"href":"https:\/\/www.cronacaonline.it\/index.php\/wp-json\/wp\/v2\/categories?post=222336"},{"taxonomy":"post_tag","embeddable":true,"href":"https:\/\/www.cronacaonline.it\/index.php\/wp-json\/wp\/v2\/tags?post=222336"}],"curies":[{"name":"wp","href":"https:\/\/api.w.org\/{rel}","templated":true}]}}