{"id":222333,"date":"2022-05-27T14:08:57","date_gmt":"2022-05-27T12:08:57","guid":{"rendered":"https:\/\/www.cronacaonline.it\/?p=222333"},"modified":"2022-05-27T14:09:00","modified_gmt":"2022-05-27T12:09:00","slug":"ortofrutticoltura-lassessore-murgia-rafforzare-ruolo-delle-organizzazioni-di-produttori-un-tavolo-tecnico-per-sostenere-il-comparto","status":"publish","type":"post","link":"https:\/\/www.cronacaonline.it\/index.php\/2022\/05\/27\/ortofrutticoltura-lassessore-murgia-rafforzare-ruolo-delle-organizzazioni-di-produttori-un-tavolo-tecnico-per-sostenere-il-comparto\/","title":{"rendered":"Ortofrutticoltura, l\u2019assessore Murgia: \u201crafforzare ruolo delle organizzazioni di produttori, un tavolo tecnico per sostenere il comparto\u201d."},"content":{"rendered":"\n<p>Cagliari, 27 Mgg 2022 -\u00a0\u201cL\u2019ortofrutticoltura sarda ha enormi potenzialit\u00e0 di crescita e deve puntare su scelte innovative e su un\u2019attenta programmazione che faciliti lo scambio di rapporti, non solo commerciali, tra tutti gli attori del comparto. La Regione pu\u00f2 accelerare questo processo di modernizzazione, con un lavoro di coordinamento, anche attivando un apposito tavolo tecnico permanente, un osservatorio qualificato del settore che favorisca il raccordo tra tutti i soggetti coinvolti, la promozione dei prodotti agricoli e il monitoraggio della produzione, in grado di presentare proposte operative che possano poi tradursi in provvedimenti e interventi concreti di politica agricola, a vantaggio del comparto e di tutta la nostra economia\u201d. Lo afferma l\u2019assessore regionale dell\u2019Agricoltura, Gabriella Murgia, che oggi a Sestu ha partecipato all\u2019incontro organizzato dal Mercato agroalimentare della Sardegna per fare un bilancio dei primi 15 anni di attivit\u00e0.<\/p>\n\n\n\n<p>\u201cIl Mercato agroalimentare \u2013 aggiunge l\u2019esponente della Giunta Solinas \u2013 \u00e8 un punto di riferimento per il comparto ortofrutticolo e per centinaia di operatori e aziende, grazie a un bilancio pi\u00f9 che positivo e un fatturato importante, che dimostrano una forte capacit\u00e0 di crescita e un ottimismo e una fiducia nel futuro che neanche due anni di crisi pandemica sono riusciti a scalfire\u201d. In questi anni, \u201cil Mercato ha anche svolto il ruolo importante di promotore di una buona educazione alimentare, perch\u00e9 a un miglior servizio corrispondono alta qualit\u00e0 dei prodotti e consumo consapevole, cardini della sovranit\u00e0 alimentare e del diritto ad avere un cibo sano e culturalmente adeguato. E a questo proposito rinnovo l\u2019appello ai sindaci sardi e a tutti i soggetti interessati a aderire a \u2018MenSarda\u2019, il progetto che abbiamo presentato recentemente con l\u2019Anci per promuovere le mense pubbliche a chilometro zero e sensibilizzare al consumo dei prodotti agricoli e del patrimonio agroalimentare locale\u201d.<\/p>\n\n\n\n<p>Il rilancio del comparto ortofrutticolo, sottolinea l\u2019assessore Murgia, \u201c\u00e8 sempre stato una priorit\u00e0 della Giunta con interventi mirati, parte di un programma complessivo di sostegno all\u2019agricoltura e all\u2019allevamento dell\u2019Isola, tanto pi\u00f9 in un momento non certo facile per le nostre aziende, gravemente colpite dall\u2019aumento indiscriminato dei costi dell\u2019energia e delle materie prime e da una serie di eventi climatici straordinari\u201d.<\/p>\n\n\n\n<p>Per rendere pi\u00f9 competitive le aziende, dice ancora l\u2019assessore dell\u2019Agricoltura, \u201cstiamo portando avanti azioni dirette al rafforzamento interno delle filiere, con specifici bandi del Psr per il finanziamento dei Progetti integrati di filiera. Con una migliore gestione dell\u2019offerta, grazie al sostegno alle Organizzazioni di produttori di ortofrutta, e con un adeguamento della rete consortile per la fornitura dei servizi irrigui alle aziende, abbiamo poi gettato le basi per favorire per l\u2019inserimento di nuove aziende, soprattutto quelle gestite da giovani imprenditori, nel circuito ortofrutticolo regionale\u201d.<\/p>\n\n\n\n<p>Le Organizzazioni di produttori di ortofrutta in Sardegna sono attualmente 9, evidenzia l\u2019assessore, \u201cma il dato numerico, da solo, non esprime in modo adeguato la rilevanza e il ruolo che queste Op svolgono nella filiera, con funzioni di programmazione della produzione, di concentrazione dell\u2019offerta e di immissione nel mercato in forma coordinata della produzione dei soci\u201d. La Regione \u201cvuole proprio rafforzare questo ruolo, anche stimolando un rapporto di sinergia operativa tra le stesse Organizzazioni e il mercato ortofrutticolo. La Politica agricola comune riconosce&nbsp;centralit\u00e0 alle Op, individuandole come uno strumento in grado di rafforzare il potere dei produttori sul mercato a fronte della capacit\u00e0 di aggregazione dell\u2019offerta. Uno degli obiettivi specifici della nuova Pac 2023-2027 sar\u00e0 proprio quello di aumentare il grado di&nbsp;concentrazione dell'offerta e&nbsp;migliorare la posizione degli agricoltori nella catena del valore\u201d, conclude l\u2019esponente della Giunta Solinas. Com<\/p>\n","protected":false},"excerpt":{"rendered":"<p>Cagliari, 27 Mgg 2022 &#8211;\u00a0\u201cL\u2019ortofrutticoltura sarda ha enormi potenzialit\u00e0 di crescita e deve puntare su scelte innovative e su un\u2019attenta programmazione che faciliti lo scambio&#8230;<\/p>\n","protected":false},"author":2,"featured_media":222334,"comment_status":"closed","ping_status":"open","sticky":false,"template":"","format":"standard","meta":[],"categories":[49,52],"tags":[],"_links":{"self":[{"href":"https:\/\/www.cronacaonline.it\/index.php\/wp-json\/wp\/v2\/posts\/222333"}],"collection":[{"href":"https:\/\/www.cronacaonline.it\/index.php\/wp-json\/wp\/v2\/posts"}],"about":[{"href":"https:\/\/www.cronacaonline.it\/index.php\/wp-json\/wp\/v2\/types\/post"}],"author":[{"embeddable":true,"href":"https:\/\/www.cronacaonline.it\/index.php\/wp-json\/wp\/v2\/users\/2"}],"replies":[{"embeddable":true,"href":"https:\/\/www.cronacaonline.it\/index.php\/wp-json\/wp\/v2\/comments?post=222333"}],"version-history":[{"count":1,"href":"https:\/\/www.cronacaonline.it\/index.php\/wp-json\/wp\/v2\/posts\/222333\/revisions"}],"predecessor-version":[{"id":222335,"href":"https:\/\/www.cronacaonline.it\/index.php\/wp-json\/wp\/v2\/posts\/222333\/revisions\/222335"}],"wp:featuredmedia":[{"embeddable":true,"href":"https:\/\/www.cronacaonline.it\/index.php\/wp-json\/wp\/v2\/media\/222334"}],"wp:attachment":[{"href":"https:\/\/www.cronacaonline.it\/index.php\/wp-json\/wp\/v2\/media?parent=222333"}],"wp:term":[{"taxonomy":"category","embeddable":true,"href":"https:\/\/www.cronacaonline.it\/index.php\/wp-json\/wp\/v2\/categories?post=222333"},{"taxonomy":"post_tag","embeddable":true,"href":"https:\/\/www.cronacaonline.it\/index.php\/wp-json\/wp\/v2\/tags?post=222333"}],"curies":[{"name":"wp","href":"https:\/\/api.w.org\/{rel}","templated":true}]}}