{"id":222320,"date":"2022-05-27T10:09:45","date_gmt":"2022-05-27T08:09:45","guid":{"rendered":"https:\/\/www.cronacaonline.it\/?p=222320"},"modified":"2022-05-27T10:09:48","modified_gmt":"2022-05-27T08:09:48","slug":"politica-linguistica-regionale-finanziate-le-fondazioni-maria-carta-andrea-parodi-sardinia-interventi-per-associazioni-e-istituti-per-favorire-la-promozione-della-cultura-sarda","status":"publish","type":"post","link":"https:\/\/www.cronacaonline.it\/index.php\/2022\/05\/27\/politica-linguistica-regionale-finanziate-le-fondazioni-maria-carta-andrea-parodi-sardinia-interventi-per-associazioni-e-istituti-per-favorire-la-promozione-della-cultura-sarda\/","title":{"rendered":"Politica linguistica regionale: finanziate le fondazioni Maria Carta, Andrea Parodi, Sardinia. Interventi per associazioni e istituti per favorire la promozione della cultura sarda."},"content":{"rendered":"\n<p>Cagliari, 27 Magg 2022 -\u00a0Per interventi ritenuti strategici nell\u2019ambito delle politiche linguistiche regionali, sono stati complessivamente 390 mila euro. \u201cLa Regione da anni sostiene e favorisce progetti di promozione, diffusione e valorizzazione della lingua e della cultura sarda anche attraverso la realizzazione di conferenze, corsi, pubblicazioni, produzioni video ed eventi culturali di rilevanza regionale, nazionale e internazionale, realizzati sul territorio regionale da soggetti pubblici e privati. \u201cLo ha detto l\u2019assessore regionale alla Cultura, Andrea Biancareddu, sottolineando come sono state finanziate diverse attivit\u00e0 mirate, poi consolidatesi negli anni e realizzate con uno stanziamento annuale, destinato a differenti beneficiari come Istituti, Enti privati, Fondazioni e Associazioni.<\/p>\n\n\n\n<p>Nel dettaglio, 100 mila euro vengono destinati alla Fondazione Maria Carta per spese di funzionamento e per attivit\u00e0 istituzionale. La Fondazione, attiva in Italia e all\u2019estero, organizza rassegne, convegni e seminari sulla cultura immateriale musicale e sul canto tradizionale, tenendo vivo il ricordo dell\u2019artista.<\/p>\n\n\n\n<p>Ulteriori 100 mila euro vengono destinati all\u2019Istituto Camillo Bellieni per la gestione e l\u2019attivit\u00e0 dell\u2019Istituto che organizza corsi di formazione in lingua sarda, convegni in ambito linguistico e culturale, pubblica testi e ricerche nello stesso ambito e si occupa del recupero e catalogazione di testi tematici.<\/p>\n\n\n\n<p>Per la Fondazione Andrea Parodi sono stati stanziati 50 mila euro per le finalit\u00e0 istituzionali proprie. La Fondazione organizza il Festival musicale Andrea Parodi per talenti noti e nuovi e realizza altre attivit\u00e0 per la divulgazione del messaggio artistico e umano del Parodi e della tradizione sarda.<\/p>\n\n\n\n<p>Alla Fondazione Sardinia sono stati destinati 40 mila euro a sostegno dell\u2019attivit\u00e0 e del funzionamento, per l\u2019organizzazione di convegni in materia di lingua e cultura sarda. Inoltre La Fondazione Sardinia cura le celebrazioni in date storiche significative per la Sardegna e la pubblicazione di testi di storia, poesia e letteratura, politica.<\/p>\n\n\n\n<p>Per l\u2019attivit\u00e0 di studio e ricerca, sono stati stanziati 100 mila euro all\u2019Associazione Chen\u00e0bura a sostegno dell\u2019attivit\u00e0 e delle attivit\u00e0 di ricerca&nbsp;sui rapporti tra la comunit\u00e0 ebraica e la Sardegna, anche attraverso la produzione di docufilm, la realizzazione di convegni ed eventi culturali e la pubblicazione di monografie sull\u2019argomento.<\/p>\n\n\n\n<p>\u201cC\u2019\u00e8 stata la necessit\u00e0 di uniformare la gestione dei contributi \u2013 ha specificato l\u2019assessore Biancareddu -&nbsp;&nbsp;differenti per tipologia, ma sostanzialmente destinati a finanziare l\u2019attivit\u00e0 istituzionale di soggetti privati ritenuti meritevoli di un contributo specifico. Gli eventuali materiali prodotti con il contributo regionale dovranno riportare una dicitura dalla quale risulti che tale attivit\u00e0 \u00e8 stata svolta con il contributo della Regione Autonoma della Sardegna\u201d. Com<\/p>\n","protected":false},"excerpt":{"rendered":"<p>Cagliari, 27 Magg 2022 &#8211;\u00a0Per interventi ritenuti strategici nell\u2019ambito delle politiche linguistiche regionali, sono stati complessivamente 390 mila euro. \u201cLa Regione da anni sostiene e&#8230;<\/p>\n","protected":false},"author":2,"featured_media":196027,"comment_status":"closed","ping_status":"open","sticky":false,"template":"","format":"standard","meta":[],"categories":[49,52],"tags":[],"_links":{"self":[{"href":"https:\/\/www.cronacaonline.it\/index.php\/wp-json\/wp\/v2\/posts\/222320"}],"collection":[{"href":"https:\/\/www.cronacaonline.it\/index.php\/wp-json\/wp\/v2\/posts"}],"about":[{"href":"https:\/\/www.cronacaonline.it\/index.php\/wp-json\/wp\/v2\/types\/post"}],"author":[{"embeddable":true,"href":"https:\/\/www.cronacaonline.it\/index.php\/wp-json\/wp\/v2\/users\/2"}],"replies":[{"embeddable":true,"href":"https:\/\/www.cronacaonline.it\/index.php\/wp-json\/wp\/v2\/comments?post=222320"}],"version-history":[{"count":1,"href":"https:\/\/www.cronacaonline.it\/index.php\/wp-json\/wp\/v2\/posts\/222320\/revisions"}],"predecessor-version":[{"id":222321,"href":"https:\/\/www.cronacaonline.it\/index.php\/wp-json\/wp\/v2\/posts\/222320\/revisions\/222321"}],"wp:featuredmedia":[{"embeddable":true,"href":"https:\/\/www.cronacaonline.it\/index.php\/wp-json\/wp\/v2\/media\/196027"}],"wp:attachment":[{"href":"https:\/\/www.cronacaonline.it\/index.php\/wp-json\/wp\/v2\/media?parent=222320"}],"wp:term":[{"taxonomy":"category","embeddable":true,"href":"https:\/\/www.cronacaonline.it\/index.php\/wp-json\/wp\/v2\/categories?post=222320"},{"taxonomy":"post_tag","embeddable":true,"href":"https:\/\/www.cronacaonline.it\/index.php\/wp-json\/wp\/v2\/tags?post=222320"}],"curies":[{"name":"wp","href":"https:\/\/api.w.org\/{rel}","templated":true}]}}