{"id":222253,"date":"2022-05-25T16:26:34","date_gmt":"2022-05-25T14:26:34","guid":{"rendered":"https:\/\/www.cronacaonline.it\/?p=222253"},"modified":"2022-05-25T16:26:36","modified_gmt":"2022-05-25T14:26:36","slug":"alessio-mereu-alla-presentazione-di-svolta-lapp-per-il-monitoraggio-delle-abitudini-di-viaggio-dei-cagliaritani","status":"publish","type":"post","link":"https:\/\/www.cronacaonline.it\/index.php\/2022\/05\/25\/alessio-mereu-alla-presentazione-di-svolta-lapp-per-il-monitoraggio-delle-abitudini-di-viaggio-dei-cagliaritani\/","title":{"rendered":"Alessio Mereu alla presentazione di \u201cSvolta\u201d, l&#8217;app per il monitoraggio delle abitudini di viaggio dei cagliaritani."},"content":{"rendered":"\n<p>Cagliari, 25 Magg 2022 - Avviato nel 2019 e bloccato all'inizio del 2020 a causa della pandemia, riprende vigore il programma \u201cSvolta \u2013 Cagliari per una mobilit\u00e0 intelligente e sostenibile\u201d che dopo una prima fase di raccolta dati, ha portato alla creazione di una apposita app, \u201cSvoltiamo\u201d.<\/p>\n\n\n\n<p>I dettagli del progetto sono stati presentati oggi, mercoled\u00ec 25 maggio 2022, nell'aula magna della Facolt\u00e0 di Ingegneria e Architettura dell'Universit\u00e0 di Cagliari. All'incontro con la stampa ha partecipato l'Assessore alla Mobilit\u00e0 del Comune di Cagliari, Alessio Mereu che ha confermato l'adesione dell'Amministrazione all'iniziativa della quale la citt\u00e0 \u00e8 tra le capofila.<\/p>\n\n\n\n<p>I dati raccolti tra gli oltre undicimila cagliaritani che avevano aderito a \u201cSvolta\u201d sono stati analizzati e sviluppati dai ricercatori del Crimm e hanno contribuito alla nascita dell'applicazione che consentir\u00e0, a partire dal mese di giugno 2022, di monitorare le abitudini di viaggio dei cittadini grazie all'uso dello smartphone.<\/p>\n\n\n\n<p>Grazie all'applicazione \u201cSvoltiamo\u201d i cagliaritani potranno guadagnare punti per ogni chilometro effettuato con un mezzo di trasporto sostenibile e usufruire dei \u201cBuoni mobilit\u00e0\u201d che potranno essere utilizzati nei servizi di mobilit\u00e0 alternativa al mezzo privato.<\/p>\n\n\n\n<p>Presenti alla conferenza stampa il Pro Rettore vicario dell'Universit\u00e0 di Cagliari, Gianni Fenu, il docente e responsabile scientifico del progetto, Italo Meloni e i ricercatori Crimm Eleonora Sottile e Francesco Piras. Com<\/p>\n","protected":false},"excerpt":{"rendered":"<p>Cagliari, 25 Magg 2022 &#8211; Avviato nel 2019 e bloccato all&#8217;inizio del 2020 a causa della pandemia, riprende vigore il programma \u201cSvolta \u2013 Cagliari per&#8230;<\/p>\n","protected":false},"author":2,"featured_media":184863,"comment_status":"closed","ping_status":"open","sticky":false,"template":"","format":"standard","meta":[],"categories":[49,52],"tags":[],"_links":{"self":[{"href":"https:\/\/www.cronacaonline.it\/index.php\/wp-json\/wp\/v2\/posts\/222253"}],"collection":[{"href":"https:\/\/www.cronacaonline.it\/index.php\/wp-json\/wp\/v2\/posts"}],"about":[{"href":"https:\/\/www.cronacaonline.it\/index.php\/wp-json\/wp\/v2\/types\/post"}],"author":[{"embeddable":true,"href":"https:\/\/www.cronacaonline.it\/index.php\/wp-json\/wp\/v2\/users\/2"}],"replies":[{"embeddable":true,"href":"https:\/\/www.cronacaonline.it\/index.php\/wp-json\/wp\/v2\/comments?post=222253"}],"version-history":[{"count":1,"href":"https:\/\/www.cronacaonline.it\/index.php\/wp-json\/wp\/v2\/posts\/222253\/revisions"}],"predecessor-version":[{"id":222254,"href":"https:\/\/www.cronacaonline.it\/index.php\/wp-json\/wp\/v2\/posts\/222253\/revisions\/222254"}],"wp:featuredmedia":[{"embeddable":true,"href":"https:\/\/www.cronacaonline.it\/index.php\/wp-json\/wp\/v2\/media\/184863"}],"wp:attachment":[{"href":"https:\/\/www.cronacaonline.it\/index.php\/wp-json\/wp\/v2\/media?parent=222253"}],"wp:term":[{"taxonomy":"category","embeddable":true,"href":"https:\/\/www.cronacaonline.it\/index.php\/wp-json\/wp\/v2\/categories?post=222253"},{"taxonomy":"post_tag","embeddable":true,"href":"https:\/\/www.cronacaonline.it\/index.php\/wp-json\/wp\/v2\/tags?post=222253"}],"curies":[{"name":"wp","href":"https:\/\/api.w.org\/{rel}","templated":true}]}}