{"id":222250,"date":"2022-05-25T16:24:16","date_gmt":"2022-05-25T14:24:16","guid":{"rendered":"https:\/\/www.cronacaonline.it\/?p=222250"},"modified":"2022-05-25T16:24:19","modified_gmt":"2022-05-25T14:24:19","slug":"in-visita-al-municipio-di-cagliari-la-console-generale-delluruguay-veronica-crego-porley","status":"publish","type":"post","link":"https:\/\/www.cronacaonline.it\/index.php\/2022\/05\/25\/in-visita-al-municipio-di-cagliari-la-console-generale-delluruguay-veronica-crego-porley\/","title":{"rendered":"In visita al Municipio di Cagliari la Console Generale dell&#8217;Uruguay, Veronica Crego Porley."},"content":{"rendered":"\n<p>Cagliari, 25 Magg 2022 - Cagliari da sempre riscuote grande successo in Uruguay e allora la Console Generale del paese sudamericano, Veronica Crego Porley ha voluto verificare personalmente il rapporto tra le due popolazioni, facendo visita, per la prima volta da quando \u00e8 in carica, al capoluogo sardo e ad altri comuni dell'Isola.<\/p>\n\n\n\n<p>Nel primo pomeriggio di oggi, mercoled\u00ec 25 maggio 2022, la diplomatica uruguaiana \u00e8 stata ricevuta in Municipio dal Sindaco Paolo Truzzu in un incontro fatto di cordialit\u00e0 e programmi per il breve futuro.<\/p>\n\n\n\n<p>\u201cLa Sardegna \u2013 ha confermato Veronica Crego Porley \u2013 \u00e8 molto famosa in Uruguay. Non solo per le sue bellezze naturali ma anche per i suoi prodotti. E ci lega anche il rapporto speciale che si \u00e8 creato con i tanti giocatori uruguaiani che hanno giocato in citt\u00e0\u201d.<\/p>\n\n\n\n<p>\u201cNon pu\u00f2 che essere un piacere per noi\u201d ha risposto il Sindaco Truzzu che si \u00e8 subito mostrato disponibili per creare sinergie concrete a trecentosessanta gradi. Dal turismo al commercio passando per tutti i canali di sviluppo che possano creare beneficio al capoluogo sardo. Come l'idea di dare vita ad un gemellaggio tra Cagliari e una citt\u00e0 uruguaiana, non necessariamente la capitale Montevideo, in modo da creare ulteriori affinit\u00e0 tra le due popolazioni.<\/p>\n\n\n\n<p>L'idea, suggerita dal Console Onorario a Cagliari, Marino Contu che ha accompagnato la Console Generale, \u00e8 piaciuta al primo cittadino cagliaritano.<\/p>\n\n\n\n<p>\u201cMi sembra un aspetto interessante \u2013 il commento di Paolo Truzzu \u2013 poter dare vita ad un gemellaggio, magari con qualche citt\u00e0 che si affacci sul mare, che abbia un porto come il nostro e che possa puntare ad un importante sviluppo turistico\u201d.<\/p>\n\n\n\n<p>\u201cCi sono tante citt\u00e0 che rispondono a questa descrizione \u2013 ha aggiunto il Console Contu \u2013 e per questo ci metteremo subito al lavoro per redigere una bozza di gemellaggio\u201d.<\/p>\n\n\n\n<p>\u201cAnche perch\u00e9 \u2013 ha concluso Veronica Crego Porley \u2013 l'Uruguay \u00e8 un grande Paese per le esportazioni di beni primari e intende sviluppare i rapporti economici e commerciali oltre i suoi confini\u201d.<\/p>\n\n\n\n<p>A questo si possono facilmente unire le questioni legati al turismo, alla cultura e alle tradizioni di un legame sardo-uruguaiano del quale sono state trovate tracce fin dal 1840. Com<\/p>\n","protected":false},"excerpt":{"rendered":"<p>Cagliari, 25 Magg 2022 &#8211; Cagliari da sempre riscuote grande successo in Uruguay e allora la Console Generale del paese sudamericano, Veronica Crego Porley ha&#8230;<\/p>\n","protected":false},"author":2,"featured_media":222251,"comment_status":"closed","ping_status":"open","sticky":false,"template":"","format":"standard","meta":[],"categories":[49,52],"tags":[],"_links":{"self":[{"href":"https:\/\/www.cronacaonline.it\/index.php\/wp-json\/wp\/v2\/posts\/222250"}],"collection":[{"href":"https:\/\/www.cronacaonline.it\/index.php\/wp-json\/wp\/v2\/posts"}],"about":[{"href":"https:\/\/www.cronacaonline.it\/index.php\/wp-json\/wp\/v2\/types\/post"}],"author":[{"embeddable":true,"href":"https:\/\/www.cronacaonline.it\/index.php\/wp-json\/wp\/v2\/users\/2"}],"replies":[{"embeddable":true,"href":"https:\/\/www.cronacaonline.it\/index.php\/wp-json\/wp\/v2\/comments?post=222250"}],"version-history":[{"count":1,"href":"https:\/\/www.cronacaonline.it\/index.php\/wp-json\/wp\/v2\/posts\/222250\/revisions"}],"predecessor-version":[{"id":222252,"href":"https:\/\/www.cronacaonline.it\/index.php\/wp-json\/wp\/v2\/posts\/222250\/revisions\/222252"}],"wp:featuredmedia":[{"embeddable":true,"href":"https:\/\/www.cronacaonline.it\/index.php\/wp-json\/wp\/v2\/media\/222251"}],"wp:attachment":[{"href":"https:\/\/www.cronacaonline.it\/index.php\/wp-json\/wp\/v2\/media?parent=222250"}],"wp:term":[{"taxonomy":"category","embeddable":true,"href":"https:\/\/www.cronacaonline.it\/index.php\/wp-json\/wp\/v2\/categories?post=222250"},{"taxonomy":"post_tag","embeddable":true,"href":"https:\/\/www.cronacaonline.it\/index.php\/wp-json\/wp\/v2\/tags?post=222250"}],"curies":[{"name":"wp","href":"https:\/\/api.w.org\/{rel}","templated":true}]}}