{"id":222197,"date":"2022-05-24T18:49:48","date_gmt":"2022-05-24T16:49:48","guid":{"rendered":"https:\/\/www.cronacaonline.it\/?p=222197"},"modified":"2022-05-24T18:49:51","modified_gmt":"2022-05-24T16:49:51","slug":"lassessore-nieddu-incontra-il-sottosegretario-costa-chiesti-al-governo-poteri-straordinari-per-dare-forza-al-nostro-sistema-sanitario","status":"publish","type":"post","link":"https:\/\/www.cronacaonline.it\/index.php\/2022\/05\/24\/lassessore-nieddu-incontra-il-sottosegretario-costa-chiesti-al-governo-poteri-straordinari-per-dare-forza-al-nostro-sistema-sanitario\/","title":{"rendered":"L\u2019assessore Nieddu incontra il sottosegretario Costa: \u201cchiesti al governo poteri straordinari per dare forza al nostro sistema sanitario\u201d."},"content":{"rendered":"\n<p>Cagliari, 24 Magg 2022\u00a0\u2013 La richiesta al Governo di una decretazione d\u2019emergenza che attribuisca poteri straordinari all\u2019assessore della Sanit\u00e0 e garantisca cos\u00ec alla Regione Sardegna gli spazi di manovra necessari a rispondere in maniera pi\u00f9 efficace alle attuali criticit\u00e0 che pesano sul nostro sistema sanitario. Questa la proposta che l\u2019assessore regionale della Sanit\u00e0, Mario Nieddu, ha presentato al sottosegretario alla Salute, Andrea Costa, nel corso di un incontro, oggi a Roma, insieme alla deputata Mara Lapia, per fare il punto sulle priorit\u00e0 della sanit\u00e0 sarda. Una richiesta che ribadisce le istanze avanzate ieri al vice ministro Pier Paolo Sileri, in occasione della sua visita a Sassari.<\/p>\n\n\n\n<p>\u201c\u00c8 stato un confronto costruttivo. C'\u00e8 massima fiducia perch\u00e9 il governo accolga le nostre richieste\", dichiara l\u2019assessore Nieddu. Un nuovo incontro, quello con il sottosegretario Costa, che segue a poco meno di due mesi di distanza la visita all'ospedale di Nuoro, occasione in cui l\u2019assessore ha consegnato all\u2019esponente del governo il dossier di 25 pagine sulle urgenze e le misure per potenziare il sistema sanitario regionale.<\/p>\n\n\n\n<p>\"Oggi - evidenzia ancora Nieddu \u2013 una gestione straordinaria, a fronte di problemi non ordinari, \u00e8 pi\u00f9 che mai necessaria\". Da qui la richiesta formale di valutare \"per la nostra Regione \u2013 prosegue l\u2019assessore \u2013 una decretazione emergenziale per una gestione regionale a pieni poteri di tutto il sistema sanitario. Uno strumento straordinario al pari delle misure adottate per la gestione dell\u2019emergenza Covid. Al sottosegretario ho anche chiesto garanzie sui fondi gi\u00e0 previsti dall\u2019ultima legge di Bilancio, con particolare riferimento al capitolo legato all\u2019abbattimento delle liste d\u2019attesa, obiettivo che riteniamo prioritario. Da parte nostra \u2013 ha concluso Nieddu \u2013 confermiamo il massimo impegno per la presentazione di accordi di programma volti a definire puntualmente nuovi investimenti nell\u2019ambito dell\u2019edilizia sanitaria regionale\u201d. Com<\/p>\n","protected":false},"excerpt":{"rendered":"<p>Cagliari, 24 Magg 2022\u00a0\u2013 La richiesta al Governo di una decretazione d\u2019emergenza che attribuisca poteri straordinari all\u2019assessore della Sanit\u00e0 e garantisca cos\u00ec alla Regione Sardegna&#8230;<\/p>\n","protected":false},"author":2,"featured_media":218466,"comment_status":"closed","ping_status":"open","sticky":false,"template":"","format":"standard","meta":[],"categories":[49,52],"tags":[],"_links":{"self":[{"href":"https:\/\/www.cronacaonline.it\/index.php\/wp-json\/wp\/v2\/posts\/222197"}],"collection":[{"href":"https:\/\/www.cronacaonline.it\/index.php\/wp-json\/wp\/v2\/posts"}],"about":[{"href":"https:\/\/www.cronacaonline.it\/index.php\/wp-json\/wp\/v2\/types\/post"}],"author":[{"embeddable":true,"href":"https:\/\/www.cronacaonline.it\/index.php\/wp-json\/wp\/v2\/users\/2"}],"replies":[{"embeddable":true,"href":"https:\/\/www.cronacaonline.it\/index.php\/wp-json\/wp\/v2\/comments?post=222197"}],"version-history":[{"count":1,"href":"https:\/\/www.cronacaonline.it\/index.php\/wp-json\/wp\/v2\/posts\/222197\/revisions"}],"predecessor-version":[{"id":222198,"href":"https:\/\/www.cronacaonline.it\/index.php\/wp-json\/wp\/v2\/posts\/222197\/revisions\/222198"}],"wp:featuredmedia":[{"embeddable":true,"href":"https:\/\/www.cronacaonline.it\/index.php\/wp-json\/wp\/v2\/media\/218466"}],"wp:attachment":[{"href":"https:\/\/www.cronacaonline.it\/index.php\/wp-json\/wp\/v2\/media?parent=222197"}],"wp:term":[{"taxonomy":"category","embeddable":true,"href":"https:\/\/www.cronacaonline.it\/index.php\/wp-json\/wp\/v2\/categories?post=222197"},{"taxonomy":"post_tag","embeddable":true,"href":"https:\/\/www.cronacaonline.it\/index.php\/wp-json\/wp\/v2\/tags?post=222197"}],"curies":[{"name":"wp","href":"https:\/\/api.w.org\/{rel}","templated":true}]}}