{"id":222195,"date":"2022-05-24T17:49:56","date_gmt":"2022-05-24T15:49:56","guid":{"rendered":"https:\/\/www.cronacaonline.it\/?p=222195"},"modified":"2022-05-24T17:49:58","modified_gmt":"2022-05-24T15:49:58","slug":"antincendio-assessore-lampis-anche-questanno-e-prevista-la-stipula-della-convenzione-coi-vigili-del-fuoco","status":"publish","type":"post","link":"https:\/\/www.cronacaonline.it\/index.php\/2022\/05\/24\/antincendio-assessore-lampis-anche-questanno-e-prevista-la-stipula-della-convenzione-coi-vigili-del-fuoco\/","title":{"rendered":"Antincendio, Assessore Lampis: \u201cAnche quest\u2019anno \u00e8 prevista la stipula della convenzione coi Vigili del fuoco."},"content":{"rendered":"\n<p>Cagliari, 24 Magg 2022\u00a0\u2013 \u201cL\u2019avvio della campagna antincendio \u00e8 ormai alle porte e la macchina regionale \u00e8 pronta per affrontare la stagione 2022 con l\u2019obiettivo di difendere il territorio e il nostro patrimonio ambientale, oltre a garantire la sicurezza dei cittadini messa a repentaglio dalla piaga che da troppo tempo funesta le nostre estati. La Sardegna mette in campo oltre 9.350 unit\u00e0, tra Corpo forestale, Forestas, Protezione civile, Vigili del fuoco, volontari e barracelli, che potranno contare anche sul prezioso aiuto dei militari, delle forze di polizia e delle associazioni di allevatori, agricoltori e venatorie. I mezzi in campo sono oltre un migliaio, ai quali vanno sommati i 17 mezzi aerei, tra flotta regionale e flotta statale. Una macchina antincendio, esperta e collaudata grazie alla professionalit\u00e0 e all\u2019impegno delle tante persone coinvolte\u201d.\u00a0Lo ha detto il presidente della Giunta regionale, Christian Solinas,\u00a0ricordando che il prossimo 1 giugno prender\u00e0 il via la Campagna antincendio boschivo 2022.<\/p>\n\n\n\n<p>I numeri nel dettaglio: il personale messo a disposizione dal Corpo forestale \u00e8 di 1.047 operatori; 1.500 (1.089 addetti e 411 vedette) sono dell\u2019agenzia regionale Forestas; la Protezione civile regionale oltre 50 operatori, insieme a 2.600 volontari delle associazioni;&nbsp;3.360 (1.960 operatori e 1.400 ausiliari) sono&nbsp;le unit\u00e0 delle Compagnie barracellari; 800 i vigili del fuoco. I mezzi terrestri sono del Corpo forestale (225); di Forestas (224); del volontariato di protezione civile (305); delle Compagnie barracellari (240); dei Vigili del fuoco (100). Inoltre, sono a disposizione 11 elicotteri leggeri da 900 litri, un Super Puma da 4.000 litri della flotta aerea regionale; tre Canadair da 6.000 litri, schierati a Olbia, un elicottero dei Vigili del Fuoco, uno dell\u2019Esercito e uno dell\u2019Aeronautica militare della flotta area statale.<br>\u201cAnche quest\u2019anno \u00e8 prevista la stipula della convenzione coi Vigili del fuoco \u2013 ha ricordato l\u2019assessore regionale della Difesa dell\u2019ambiente, Gianni Lampis, con delega alla protezione civile \u2013 per definire le procedure operative interforze, il coordinamento nelle attivit\u00e0 di spegnimento degli incendi boschivi e rurali e il potenziamento delle sedi istituzionali del Corpo. Intanto, nelle scorse settimane, la Giunta regionale ha approvato l\u2019aggiornamento 2022 delle prescrizioni regionali per contrastare le azioni che possono determinare l\u2019innesco di incendi e per disciplinare l\u2019uso del fuoco. A breve, invece, sar\u00e0 il turno del Piano regionale e della pianificazione territoriale\u201d.<br>\u201cSono stati mesi intensi di confronto a livello nazionale e regionale tra tutte le strutture operative del sistema di protezione civile, soprattutto in considerazione dei devastanti incendi dell\u2019estate 2021 e della modifica apportata lo scorso anno alla Legge quadro in materia di incendi boschivi \u2013 ha aggiunto l\u2019assessore Lampis \u2013 Per ridurre le cause scatenanti degli incendi e salvaguardare il patrimonio ambientale \u00e8 necessario il contributo di tutti, perci\u00f2, oltre a prevedere una capillare campagna di informazione, di sensibilizzazione e di educazione per favorire le attivit\u00e0 di prevenzione, rivolgo un accorato invito affinch\u00e9 vengano costantemente adottati comportamenti responsabili, rispettosi dell\u2019ingente patrimonio boschivo, e vengano seguite scrupolosamente le misure contenute nelle prescrizioni. Certamente non pu\u00f2 bastare fare appello alla coscienza ambientale di sardi e turisti, perci\u00f2 abbiamo anche provveduto all\u2019aggiornamento delle sanzioni amministrative, con un inasprimento e la previsione di un\u2019unica severa sanzione, che pu\u00f2 variare da 5.000 a 50.000 euro per le trasgressioni ai divieti. Com<\/p>\n","protected":false},"excerpt":{"rendered":"<p>Cagliari, 24 Magg 2022\u00a0\u2013 \u201cL\u2019avvio della campagna antincendio \u00e8 ormai alle porte e la macchina regionale \u00e8 pronta per affrontare la stagione 2022 con l\u2019obiettivo&#8230;<\/p>\n","protected":false},"author":2,"featured_media":193227,"comment_status":"closed","ping_status":"open","sticky":false,"template":"","format":"standard","meta":[],"categories":[49,52],"tags":[],"_links":{"self":[{"href":"https:\/\/www.cronacaonline.it\/index.php\/wp-json\/wp\/v2\/posts\/222195"}],"collection":[{"href":"https:\/\/www.cronacaonline.it\/index.php\/wp-json\/wp\/v2\/posts"}],"about":[{"href":"https:\/\/www.cronacaonline.it\/index.php\/wp-json\/wp\/v2\/types\/post"}],"author":[{"embeddable":true,"href":"https:\/\/www.cronacaonline.it\/index.php\/wp-json\/wp\/v2\/users\/2"}],"replies":[{"embeddable":true,"href":"https:\/\/www.cronacaonline.it\/index.php\/wp-json\/wp\/v2\/comments?post=222195"}],"version-history":[{"count":1,"href":"https:\/\/www.cronacaonline.it\/index.php\/wp-json\/wp\/v2\/posts\/222195\/revisions"}],"predecessor-version":[{"id":222196,"href":"https:\/\/www.cronacaonline.it\/index.php\/wp-json\/wp\/v2\/posts\/222195\/revisions\/222196"}],"wp:featuredmedia":[{"embeddable":true,"href":"https:\/\/www.cronacaonline.it\/index.php\/wp-json\/wp\/v2\/media\/193227"}],"wp:attachment":[{"href":"https:\/\/www.cronacaonline.it\/index.php\/wp-json\/wp\/v2\/media?parent=222195"}],"wp:term":[{"taxonomy":"category","embeddable":true,"href":"https:\/\/www.cronacaonline.it\/index.php\/wp-json\/wp\/v2\/categories?post=222195"},{"taxonomy":"post_tag","embeddable":true,"href":"https:\/\/www.cronacaonline.it\/index.php\/wp-json\/wp\/v2\/tags?post=222195"}],"curies":[{"name":"wp","href":"https:\/\/api.w.org\/{rel}","templated":true}]}}