{"id":222193,"date":"2022-05-24T17:19:19","date_gmt":"2022-05-24T15:19:19","guid":{"rendered":"https:\/\/www.cronacaonline.it\/?p=222193"},"modified":"2022-05-24T17:19:21","modified_gmt":"2022-05-24T15:19:21","slug":"consiglio-sardegna-ritardi-bandi-psr-commissione-convoca-lassessore-murgia-e-vertici-delle-agenzie-regionali-per-lagricoltura","status":"publish","type":"post","link":"https:\/\/www.cronacaonline.it\/index.php\/2022\/05\/24\/consiglio-sardegna-ritardi-bandi-psr-commissione-convoca-lassessore-murgia-e-vertici-delle-agenzie-regionali-per-lagricoltura\/","title":{"rendered":"Consiglio Sardegna &#8211; Ritardi bandi Psr, Commissione convoca l\u2019assessore Murgia e vertici delle agenzie regionali per l\u2019agricoltura."},"content":{"rendered":"\n<p>Cagliari 24 Magg 2022 \u2013 I ritardi nell\u2019erogazione delle risorse del Piano di Sviluppo rurale e le lungaggini burocratiche per l\u2019espletamento delle pratiche in carico alle agenzie regionali per l\u2019agricoltura sono stati al centro della seduta mattutina della Commissione \u201cAttivit\u00e0 Produttive\u201d del Consiglio regionale. Il parlamentino presieduto da Piero Maieli (Psd\u2019Az) ha sentito i rappresentanti delle associazioni agricole: Luca Saba (direttore Coldiretti). Maurizio Onorato (direttore Confagricoltura), Ignazio Cirronis (presidente Copagri) e Francesco Erb\u00ec (presidente Cia). Da parte di tutti sono arrivate forti critiche all\u2019operato delle agenzie per il ritardo nel pagamento dei premi agli agricoltori stanziati attraverso i bandi del Psr. Giudizi molto duri, in particolare, da parte del direttore regionale di Coldiretti Luca Saba: \u00abAncora una volta veniamo a parlare di lungaggini burocratiche \u2013 ha detto Saba \u2013 non \u00e8 cambiato nulla, \u00e8 tutto fermo. Non lo diciamo noi ma la relazione firmata dal responsabile dell\u2019Unit\u00e0 di progetto Giulio Capobianco oltre un anno fa. Un organismo terzo che ha certificato le criticit\u00e0 presenti nel sistema dei pagamenti della Regione. Il caso emblematico \u00e8 rappresentato dagli indennizzi per la siccit\u00e0 del 2017. Ci sono oltre 5000 pratiche inevase. Sono ormai passati oltre 4 anni e quei soldi andranno persi. La situazione \u00e8 molto preoccupante. E\u2019 ora di dire basta\u00bb. Il direttore di Coldiretti ha poi precisato di aver pi\u00f9 volte sollecitato i vertici della agenzie regionali a un confronto sui bandi: \u00abAbbiamo presentato richieste e proposte \u2013 ha detto Saba \u2013 ma le nostre sollecitazioni cadono nel vuoto. La politica dice una cosa e la parte amministrativa va in una direzione diversa. Funzionari e dirigenti delle agenzie mostrano ostilit\u00e0 nei nostri confronti. Non ci stiamo ad essere presi in giro. L\u2019ultima beffa \u00e8 rappresentata dal bando sui bovini da latte: anzich\u00e9 utilizzare le stesse modalit\u00e0 semplificate previste per altre pratiche, si richiede la firma elettronica. In questo modo non si fa altro che appesantire l\u2019iter\u00bb. Duro anche il giudizio di Ignazio Cirronis: \u00abAssessorato all\u2019agricoltura e Argea agiscono come due repubbliche autonome che non si parlano e in qualche caso prendono decisioni contrastanti. Le attivit\u00e0 istruttorie sui bandi possono essere fatte dall\u2019assessorato. C\u2019\u00e8 bisogno di intervenire sull\u2019organizzazione interna per semplificare le procedure ed eliminare le lungaggini\u201d. Dubbi sulla possibilit\u00e0 che la politica possa determinare un cambio di passo sono stati espressi da Maurizio Onorato: \u00abSi tratta di questioni prettamente amministrative sulle quali la politica poco pu\u00f2 fare \u2013 ha detto il direttore di Confagricoltura \u2013 c\u2019\u00e8 bisogno di una riforma complessiva delle agenzie agricole. L\u2019istituzione di Laore, Agris e Argea \u00e8 stato un errore della riforma Soru. Si tratta di organismi che operano per conto loro, spesso in situazione di conflitto\u00bb. Anche per Francesco Erb\u00ec una riforma \u00e8 quanto mai necessaria: \u00abI ritardi nei pagamenti stanno mettendo in ginocchio centinaia di aziende agricole. I funzionari non si prendono responsabilit\u00e0, noi non abbiamo nessuna certezza sui tempi di espletamento delle pratiche. Oggi le agenzie rappresentano un costo troppo alto per la pubblica amministrazione e per le stesse imprese agricole\u00bb.<\/p>\n\n\n\n<p>Nel dibattito sono intervenuti i consiglieri Salavatore Corrias (Pd), Gianfranco Satta (Progressisti) Emanuele Cera (Forza Italia), Pierluigi Saiu (Lega) che hanno sollecitato un confronto con assessorato e vertici delle agenzie regionali per l\u2019agricoltura.<\/p>\n\n\n\n<p>Al termine dell\u2019audizione, il presidente Maieli ha annunciato la convocazione dell\u2019assessore Gabriella Murgia e dei commissari di Laore, Agris e Argea per il prossimo 8 giugno: \u00abVogliamo capire quali sono le cause dei ritardi e intervenire per rimuovere gli ostacoli \u2013 ha detto Maieli \u2013 presenteremo richieste precise alle quali dovranno essere date delle risposte. Non ci saranno scuse n\u00e9 rinvii\u00bb.&nbsp;<\/p>\n\n\n\n<p>Successivamente la commissione si \u00e8 occupata di campeggi ed energia.<\/p>\n\n\n\n<p>\u00c8 stato ascoltato il presidente di Faita Sardegna-Federcamping Nicola Napolitano che ha illustrato alcune proposte di modifica alla legge n.16 del 2017 in materia di turismo per favorire la destagionalizzazione e venire incontro all\u2019aumento della domanda di campeggiatori ed escursionisti nei mesi di spalla. In particolare si \u00e8 chiesto di modificare la norma che impedisce ad alberghi e villaggi turistici di destinare all\u2019interno delle proprie strutture posti per la sosta di camper, autocaravan&nbsp;e tende da campeggio superiori al 25% della capacit\u00e0 ricettiva della struttura. Proposte accolte favorevolmente dall\u2019assessore al Turismo Gianni Chessa (anche lui presente alla seduta) e dai commissari. Saranno approfondite e inserite in un disegno di legge della Giunta da sottoporre al vaglio della Commissione. Dal provvedimento rester\u00e0 invece fuori un\u2019altra proposta di modifica che interessa aspetti di natura urbanistica sui quali si dovr\u00e0 pronunciare la commissione competente.&nbsp;<\/p>\n\n\n\n<p>Sono state infine esaminate alcune proposte di modifica al Testo Unico sull\u2019energia avanzate dall\u2019assessore all\u2019industria Anita Pili in materia di reddito energetico, finanziamento di studi di fattibilit\u00e0 ai comuni sotto i 5000 abitanti per l\u2019istituzione delle comunit\u00e0 energetiche e incentivi alla piccole e medie imprese per l\u2019implementazione delle energie rinnovabili. Proposte che saranno presto sintetizzate in emendamenti al testo sui quali si esprimer\u00e0 la stessa Commissione.&nbsp;&nbsp;&nbsp;&nbsp;&nbsp;&nbsp;&nbsp;&nbsp;&nbsp;<\/p>\n","protected":false},"excerpt":{"rendered":"<p>Cagliari 24 Magg 2022 \u2013 I ritardi nell\u2019erogazione delle risorse del Piano di Sviluppo rurale e le lungaggini burocratiche per l\u2019espletamento delle pratiche in carico&#8230;<\/p>\n","protected":false},"author":2,"featured_media":217016,"comment_status":"closed","ping_status":"open","sticky":false,"template":"","format":"standard","meta":[],"categories":[49,52],"tags":[],"_links":{"self":[{"href":"https:\/\/www.cronacaonline.it\/index.php\/wp-json\/wp\/v2\/posts\/222193"}],"collection":[{"href":"https:\/\/www.cronacaonline.it\/index.php\/wp-json\/wp\/v2\/posts"}],"about":[{"href":"https:\/\/www.cronacaonline.it\/index.php\/wp-json\/wp\/v2\/types\/post"}],"author":[{"embeddable":true,"href":"https:\/\/www.cronacaonline.it\/index.php\/wp-json\/wp\/v2\/users\/2"}],"replies":[{"embeddable":true,"href":"https:\/\/www.cronacaonline.it\/index.php\/wp-json\/wp\/v2\/comments?post=222193"}],"version-history":[{"count":1,"href":"https:\/\/www.cronacaonline.it\/index.php\/wp-json\/wp\/v2\/posts\/222193\/revisions"}],"predecessor-version":[{"id":222194,"href":"https:\/\/www.cronacaonline.it\/index.php\/wp-json\/wp\/v2\/posts\/222193\/revisions\/222194"}],"wp:featuredmedia":[{"embeddable":true,"href":"https:\/\/www.cronacaonline.it\/index.php\/wp-json\/wp\/v2\/media\/217016"}],"wp:attachment":[{"href":"https:\/\/www.cronacaonline.it\/index.php\/wp-json\/wp\/v2\/media?parent=222193"}],"wp:term":[{"taxonomy":"category","embeddable":true,"href":"https:\/\/www.cronacaonline.it\/index.php\/wp-json\/wp\/v2\/categories?post=222193"},{"taxonomy":"post_tag","embeddable":true,"href":"https:\/\/www.cronacaonline.it\/index.php\/wp-json\/wp\/v2\/tags?post=222193"}],"curies":[{"name":"wp","href":"https:\/\/api.w.org\/{rel}","templated":true}]}}