{"id":222136,"date":"2022-05-23T16:51:20","date_gmt":"2022-05-23T14:51:20","guid":{"rendered":"https:\/\/www.cronacaonline.it\/?p=222136"},"modified":"2022-05-23T16:51:24","modified_gmt":"2022-05-23T14:51:24","slug":"sanita-dal-pnrr-un-forte-sostegno-per-il-sistema-pubblico-sardo-il-presidente-solinas-incontra-a-sassari-il-sottosegretario-sileri-sardegna-pronta-a-impegno-straordinario","status":"publish","type":"post","link":"https:\/\/www.cronacaonline.it\/index.php\/2022\/05\/23\/sanita-dal-pnrr-un-forte-sostegno-per-il-sistema-pubblico-sardo-il-presidente-solinas-incontra-a-sassari-il-sottosegretario-sileri-sardegna-pronta-a-impegno-straordinario\/","title":{"rendered":"Sanit\u00e0, dal Pnrr un forte sostegno per il sistema pubblico sardo. Il presidente Solinas incontra a Sassari il sottosegretario Sileri: Sardegna pronta a impegno straordinario."},"content":{"rendered":"\n<p>Cagliari, 23 Magg 2022 \u2013\u00a0Pronti a raccogliere le sfide per consegnare ai cittadini sardi una sanit\u00e0 pubblica moderna ed efficiente. Il Presidente della Regione Christian Solinas si \u00e8 confrontato nell'aula magna della Facolt\u00e0 di Medicina di Sassari con il Sottosegretario alla Salute Pierpaolo Sileri, analizzando insieme all'assessore Mario Nieddu i problemi del sistema sanitario in Sardegna e nel Paese. Nel corso dell\u2019incontro, inoltre, il Presidente ha annunciato la realizzazione del nuovo ospedale di Sassari nell\u2019ex Istituto agrario.<\/p>\n\n\n\n<p>\u201cAnche la Sardegna ha affrontato oltre due anni contrassegnati da un\u2019emergenza sanitaria non ancora completamente alle spalle. La nostra Isola \u2013 ha detto il Presidente Solinas \u2013 ha sofferto per gli effetti diretti e indiretti del Covi-19, ma ha saputo reagire, fin dal primo momento, dalle prime e incerte fasi della diffusione del contagio, davanti a un nemico totalmente sconosciuto del quale non si potevano comprendere la forza distruttiva, la capacit\u00e0 di evoluzione, i veri effetti sulla salute umana. Abbiamo saputo mostrare ancora una volta \u2013 ha detto il Presidente \u2013 un carattere forte ed una notevole capacit\u00e0 di resilienza, quelle che contraddistinguono il nostro territorio e il popolo sardo\u201d.<\/p>\n\n\n\n<p>\u201cLa battaglia pi\u00f9 dura \u2013 ha sottolineato il presidente Solinas \u2013 senza dubbio, \u00e8 stata quella combattuta in prima linea, nelle trincee dei nostri ospedali e sul territorio. Abbiamo attivato un piano di potenziamento degli organici nelle aziende del sistema sanitario regionale. Circa 1.600 gli operatori reclutati, tra medici, infermieri, tecnici e amministrativi, arrivando a coinvolgere anche gli specializzandi e i laureati abilitati, e persino i medici in pensione. Per contrastare il virus abbiamo attuato iniziative che sembravano irrealizzabili, come lo screening di massa del progetto \u2018Sardi e sicuri\u2019, avviato nel gennaio del 2021, quando ancora non esisteva un vaccino contro il Covid: oltre 400 mila i test eseguiti sulla popolazione target sopra i dieci anni. Successivamente, il Covid ci ha messo di fronte a una nuova sfida, la pi\u00f9 importante di tutte: la campagna di vaccinazione. Anche in questa circostanza siamo stati in grado di costruire un sistema di hub e di centri di vaccinazione a copertura dell\u2019intero territorio, approntando un modello organizzativo capace di raggiungere risultati importanti. Nell\u2019Isola sono state inoculate poco meno di 3,8 milioni di dosi e oggi la Sardegna \u00e8 fra le prime dieci regioni per copertura vaccinale, con l\u201986,7% della popolazione che ha completato il ciclo primario a cui si aggiunge un ulteriore 1,4% di cittadini che hanno ricevuto almeno una dose. C\u2019\u00e8 stata un\u2019adesione altissima da parte dei sardi, che hanno mostrato, anche in questa circostanza senso di responsabilit\u00e0 e fiducia nella scienza, testimoniata anche dai numeri della campagna sui pi\u00f9 giovani. La Sardegna \u00e8, infatti, la quarta regione per copertura vaccinale nella popolazione tra i 5 e gli 11 anni, con il 43% della platea che ha completato il ciclo primario\u201d.<\/p>\n\n\n\n<p>Sul nuovo assetto della sanit\u00e0 sarda il Presidente ha precisato: \u201cLa pandemia ha rallentato, ma non ha fermato la riforma che l\u2019Isola attendeva da tempo e che ha riavvicinato la governance sanitaria ai territori, con le loro peculiarit\u00e0 e i loro bisogni. A questo si ispira la riforma, con la nascita delle nuove otto Asl. Non certo un poltronificio, come ingiustamente sostenuto da chi vorrebbe continuare a confondere le acque, non certo uno spreco di risorse, ma uno strumento valido per restituire dignit\u00e0 e vigore a un sistema fortemente indebolito dall\u2019esperienza di un modello eccessivamente accentrato, paralizzato su s\u00e9 stesso, che ha portato grandi diseguaglianze fra i territori, sprechi di denaro pubblico e impoverimento dei servizi\u201d.<\/p>\n\n\n\n<p>\u201cLa riforma \u2013 ha detto ancora il Presidente Solinas \u2013 non \u00e8 stata e non vuole essere un colpo di spugna. Con la nascita dell\u2019Ares abbiamo mantenuto e migliorato alcuni degli aspetti gi\u00e0 presenti in Ats, come la gestione unitaria del personale, del patrimonio, dei concorsi e degli acquisti, funzioni in grado di generare economie di scala, altrimenti non possibili in un sistema parcellizzato. Siamo convinti che questa sia la strada giusta e il nuovo assetto sta rapidamente entrando a regime\u201d.<\/p>\n\n\n\n<p>In merito alle tante sfide del post-Covid il Presidente ha sottolineato la priorit\u00e0 per l\u2019abbattimento dei tempi d\u2019attesa e il recupero di tutte quelle prestazioni rimaste indietro a causa del virus: \u201cAncora prima che il Covid arrivasse sul nostro territorio \u2013 ha dichiarato \u2013 avevamo posto questo punto fra gli obiettivi preminenti. Purtroppo, nonostante i numerosi sforzi organizzativi attuati nelle fasi in cui il quadro epidemiologico risultava pi\u00f9 favorevole, la pandemia ha sempre rappresentato un forte ostacolo. A fine gennaio abbiamo approvato una rimodulazione del piano per il recupero delle liste d\u2019attesa, con l\u2019assegnazione di 11,6 milioni di euro alle nostre Asl e aziende ospedaliere e 2 milioni di euro ad Ares per l\u2019acquisto di prestazioni dalle strutture convenzionate dell\u2019Isola. Con la fine dello stato d\u2019emergenza e la riduzione della pressione dei contagi sul nostro sistema sanitario le attivit\u00e0 dei nostri ospedali e delle strutture territoriali stanno progressivamente tornando alla normalit\u00e0. Ora occorre accelerare per continuare a garantire a tutti il diritto alle cure e all\u2019assistenza\u201d.<\/p>\n\n\n\n<p>Il Presidente ha infine parlato delle prospettive del post-pandemia legate al nuovo modello di sanit\u00e0: \u201cSar\u00e0 fondamentale potenziare i presidi, implementare la telemedicina e realizzare le strutture intermedie. Per raggiungere questo obiettivo \u2013 ha dichiarato \u2013 abbiamo approvato il piano che declina sul nostro territorio quanto previsto dalla Missione 6 del Pnrr e dal Piano degli investimenti complementari: 271 milioni di euro a cui si aggiungono ulteriori 21,6 milioni dal cofinanziamento regionale. Abbiamo un dettagliato piano d\u2019azione per la sanit\u00e0 in cui oltre alla destinazione delle risorse abbiamo definito un cronoprogramma per le due componenti in cui si articolano gli investimenti. Per la Sardegna e per i sardi intendiamo impiegare tutte le risorse a nostra disposizione. Nel nuovo assetto un ruolo fondamentale sar\u00e0 rivestito dalle Case della comunit\u00e0, dagli Ospedali di Comunit\u00e0 e dalle Centrali operative territoriali\u201d.<\/p>\n\n\n\n<p>\u201cRestano aperti molti problemi, restano molte pagine bianche da scrivere. Una di quelle che hanno pesato di pi\u00f9 in questa fase, e che purtroppo peser\u00e0 ancora gravemente sull\u2019intero sistema, \u00e8 quella della carenza degli organici \u2013 ha detto il Presidente Solinas \u2013. Oggi paghiamo il prezzo di scelte sbagliate, gravissime, operate nel passato. Il blocco del turn over in sanit\u00e0 ha impoverito gravemente gli organici delle strutture pubbliche. Altro problema che il nostro sistema sanitario sconta a livello nazionale e regionale \u00e8 quello di decenni di mancata programmazione per ci\u00f2 che attiene il personale sanitario e, in particolare, i medici specializzati. Su questo fronte, gi\u00e0 all'inizio della legislatura in corso, la Regione ha intrapreso un netto cambio di marcia negli investimenti per la formazione con l'assegnazione di importanti risorse regionali per le borse di studio nelle scuole di specializzazione sanitarie d\u2019area medica e non medica (farmacologia, microbiologia, biochimica) con una programmazione pluriennale (2021-2023) di 30 milioni che consentiranno il finanziamento di 253 nuove borse di studio ogni anno. Dopo anni di tagli progressivi e mancata programmazione, nel 2018, alla fine della passata legislatura, le borse di studio regionali per le scuole di specializzazione medica si erano ridotte a poco pi\u00f9 di una trentina, e poco pi\u00f9 di una decina quelle per l'area non medica. Occorre dunque \u2013 ha detto il Presidente \u2013 che le Regioni e il Governo, in un\u2019ottica di piena collaborazione istituzionale che prescinda da ogni diversit\u00e0 politica, mettano a fuoco gli interventi da attuare con urgenza per fronteggiare gli anni che verranno\u201d.<\/p>\n\n\n\n<p>Sulla carenza di medici \u00e8 intervenuto anche l\u2019assessore regionale della Sanit\u00e0, Mario Nieddu: \u201cAl governo chiediamo strumenti straordinari e flessibili in grado di consentire alle Regioni di mettere in campo soluzioni che, con le attuali norme, risulterebbero inattuabili. La pandemia ha rappresentato un\u2019emergenza senza precedenti e per la sua gestione sono state varate misure eccezionali, l\u2019attuale situazione, per\u00f2 non \u00e8 meno critica e necessita di essere affrontata con altrettanta forza. Con i colleghi della Commissione salute della Conferenza delle Regioni abbiamo realizzato un dossier di venticinque pagine con richieste e proposte che giacciono da diversi mesi sul tavolo del Ministro della Salute. Ci auspichiamo che le risposte possano arrivare presto. Stiamo lavorando per la realizzazione di un nuovo modello di sanit\u00e0, una sfida epocale che porteremo avanti grazie alle risorse del Pnrr, ma le nuove strutture devono essere riempite di contenuti e per questo serve ancora fare chiarezza. Da parte nostra continueremo a lavorare propostivi e con lo spirito di collaborazione che ci ha sempre contraddistinti\u201d, ha concluso l\u2019assessore. Com<\/p>\n","protected":false},"excerpt":{"rendered":"<p>Cagliari, 23 Magg 2022 \u2013\u00a0Pronti a raccogliere le sfide per consegnare ai cittadini sardi una sanit\u00e0 pubblica moderna ed efficiente. Il Presidente della Regione Christian&#8230;<\/p>\n","protected":false},"author":2,"featured_media":222138,"comment_status":"closed","ping_status":"open","sticky":false,"template":"","format":"standard","meta":[],"categories":[49,52],"tags":[],"_links":{"self":[{"href":"https:\/\/www.cronacaonline.it\/index.php\/wp-json\/wp\/v2\/posts\/222136"}],"collection":[{"href":"https:\/\/www.cronacaonline.it\/index.php\/wp-json\/wp\/v2\/posts"}],"about":[{"href":"https:\/\/www.cronacaonline.it\/index.php\/wp-json\/wp\/v2\/types\/post"}],"author":[{"embeddable":true,"href":"https:\/\/www.cronacaonline.it\/index.php\/wp-json\/wp\/v2\/users\/2"}],"replies":[{"embeddable":true,"href":"https:\/\/www.cronacaonline.it\/index.php\/wp-json\/wp\/v2\/comments?post=222136"}],"version-history":[{"count":1,"href":"https:\/\/www.cronacaonline.it\/index.php\/wp-json\/wp\/v2\/posts\/222136\/revisions"}],"predecessor-version":[{"id":222139,"href":"https:\/\/www.cronacaonline.it\/index.php\/wp-json\/wp\/v2\/posts\/222136\/revisions\/222139"}],"wp:featuredmedia":[{"embeddable":true,"href":"https:\/\/www.cronacaonline.it\/index.php\/wp-json\/wp\/v2\/media\/222138"}],"wp:attachment":[{"href":"https:\/\/www.cronacaonline.it\/index.php\/wp-json\/wp\/v2\/media?parent=222136"}],"wp:term":[{"taxonomy":"category","embeddable":true,"href":"https:\/\/www.cronacaonline.it\/index.php\/wp-json\/wp\/v2\/categories?post=222136"},{"taxonomy":"post_tag","embeddable":true,"href":"https:\/\/www.cronacaonline.it\/index.php\/wp-json\/wp\/v2\/tags?post=222136"}],"curies":[{"name":"wp","href":"https:\/\/api.w.org\/{rel}","templated":true}]}}