{"id":221908,"date":"2022-05-18T14:07:37","date_gmt":"2022-05-18T12:07:37","guid":{"rendered":"https:\/\/www.cronacaonline.it\/?p=221908"},"modified":"2022-05-18T14:07:40","modified_gmt":"2022-05-18T12:07:40","slug":"editoria-salone-del-libro-di-torino-presidente-solinas-una-vetrina-importantissima-per-gli-editori-sardi-nello-spazio-espositivo-della-regione","status":"publish","type":"post","link":"https:\/\/www.cronacaonline.it\/index.php\/2022\/05\/18\/editoria-salone-del-libro-di-torino-presidente-solinas-una-vetrina-importantissima-per-gli-editori-sardi-nello-spazio-espositivo-della-regione\/","title":{"rendered":"Editoria: salone del libro di Torino, presidente Solinas: una vetrina importantissima per gli editori sardi nello spazio espositivo della regione."},"content":{"rendered":"\n<p>Cagliari, 18 Magg 2022 -\u00a0Dopo due anni di assenza forzata a causa della pandemia da Covid, la Regione Sardegna ritorna con un suo stand istituzionale alla\u00a0XXXIV edizione del\u00a0Salone del Libro di Torino, in programma al Lingotto col tema \u201cCuori Selvaggi\u201d che,\u00a0negli intendimenti degli organizzatori, vuole rispondere alle sfide affrontate negli ultimi anni. Una liberazione senza confini dalle costrizioni generate dalla pandemia, nel segno dello scambio culturale e della pace tra i popoli.<\/p>\n\n\n\n<p>\u201cLa Regione Sardegna torna protagonista all\u2019interno dello spazio editoriale pi\u00f9 importante d\u2019Italia\u201d. Lo ha detto il Presidente della Regione Sardegna che ricorda come a causa della pandemia, la Sardegna non ha potuto essere presente nelle edizioni 2020 e 2021. \u201cPertanto l\u2019edizione 2022 rappresenta un appuntamento fondamentale per la promozione dell\u2019editoria isolana.&nbsp;L\u2019editoria sarda - sottolinea ancora il Presidente - si conferma quale motore trainante, anche fuori dalla Sardegna, di studi e scoperte, modulandole nei pi\u00f9 diversi registri comunicativi, destinati quindi non solo agli studiosi ma anche a tutta la popolazione di lettori e appassionati, non ultimi i lettori pi\u00f9 giovani. Favoriamo una percezione della cultura della Sardegna, attraverso figure che non solo sono state protagoniste della storia e testimoni del nostro tempo, ma hanno tracciato strade e visioni per il futuro dell\u2019Isola.\u201d<\/p>\n\n\n\n<p>Lo Stand istituzionale della Regione Sardegna, (posizionato nel Padiglione 2 - K28 L27), nei suoi 100mq, ospita quest\u2019anno, oltre naturalmente alle novit\u00e0 editoriali degli editori sardi, sia quelli indipendenti che associati all\u2019AES, anche la Fondazione Mont\u2019e Prama. Idea quest\u2019ultima in linea con l\u2019estremo interesse e le aspettative generate dalla ripresa degli scavi nel sito del Sinis e che precede la recentissima scoperta di ulteriori importantissimi reperti. In totale trovano spazio nello spazio espositivo regionale ben 31 editori.<\/p>\n\n\n\n<p>L\u2019offerta culturale proposta nello spazio istituzionale della Regione, si articola in un ricco programma culturale, dal titolo \u201cFuori Confini\u201d, che vede la partecipazione di&nbsp;editori e autori impegnati nel promuovere le produzioni editoriali pi\u00f9 recenti, con l\u2019esplicita missione di diffondere la conoscenza presso il grande pubblico delle peculiarit\u00e0 culturali, storiche, artistiche, linguistiche e letterarie dell\u2019Isola&nbsp;anche nell\u2019era del digitale.<\/p>\n\n\n\n<p>Quest\u2019anno inoltre la Regione, con l\u2019Assessorato della Pubblica Istruzione e Cultura, intende promuovere il progetto di produzione editoriale attraverso un\u2019iniziativa di crowfounding editoriale, che intende recuperare autori e testi trascurati&nbsp;della Sardegna ed \u00e8 pertanto utile e opportuno assicurare alta visibilit\u00e0 alla produzione editoriale, favorendo la partecipazione degli editori sardi a manifestazioni di livello nazionale.<\/p>\n\n\n\n<p>Il programma prevede una serie di presentazioni di volumi e incontri dedicati a scrittori e intellettuali di primo piano della produzione letteraria sarda. Due tra tutti. Grazia Deledda (la cui opera viene ripresa e affrontata in un dibattito a partire dal manoscritto della Sormani di Milano per approdare ai temi della violenza di genere, e che ospita la presentazione di Cosima in formato tradizionale e audiolibro, nonch\u00e9 un interessante focus della sua attivit\u00e0 di critica letteraria) e Giuseppe Dess\u00ec (del quale viene ricordata la figura di scrittore e intellettuale. Motivo per il quale lo Stand ospita anche la Fondazione che ne prende il nome. Propone inoltre la figura di Antonio Pigliaru (del quale sar\u00e0 messa in risalto la visione&nbsp;della cultura e della societ\u00e0) e spazia in temi di stretta attualit\u00e0, quali i diritti civili di recente conquista in Italia. Il programma di quest\u2019anno, inoltre, si arricchisce di momenti di approfondimento dedicati all\u2019archeologia, con la celebrazione della figura dell\u2019Accademico dei Lincei Giovanni Lilliu, attraverso la sua opera di studioso e la testimonianza delle figlie Caterina e Cecilia nel decennale della scomparsa.<\/p>\n\n\n\n<p>Nell\u2019occasione sar\u00e0 presentato il testo \u201cLa grande statuaria della Sardegna nuragica e i Giganti di Monte Prama\u201d nella sua nuova edizione.<\/p>\n\n\n\n<p>Proprio il sito archeologico sar\u00e0 al centro dell\u2019attenzione con la produzione editoriale sul sito di Mont\u2019e Prama, con la presentazione di una guida archeologica di Tharros a cura della Fondazione Mont\u2019e Prama, con l\u2019intervento di Carla Del Vais, professore associato di archeologia fenicio-punica all\u2019Universit\u00e0 degli Studi di Cagliari, gi\u00e0 Curatrice e poi Direttrice del Museo Civico Giovanni Marongiu di Cabras.<\/p>\n\n\n\n<p>\u201cQuesta partecipazione - commenta l\u2019assessore Andrea Biancareddu -&nbsp;&nbsp;avviene in un\u2019ottica di collaborazione sinergica tra enti culturali che perseguono pubbliche finalit\u00e0. In linea con l\u2019estremo interesse e le aspettative generate dalla ripresa degli scavi nel sito del Sinis e che precede la recentissima scoperta di ulteriori importantissimi reperti. Il Salone del libro di Torino - sottolinea ancora Biancareddu -&nbsp;&nbsp;\u00e8 la pi\u00f9 importante manifestazione italiana nel campo dell\u2019editoria, un prestigioso festival internazionale che consente, sotto il profilo istituzionale, di conseguire obiettivi di promozione dell\u2019isola, visibilit\u00e0 e inserimento del libro sardo nei mercati esteri.\u201d<\/p>\n\n\n\n<p>L\u2019offerta culturale proposta, scaturita dalla collaborazione tra Associazione Editori Sardi e Regione Sardegna, si articola in un ricco programma culturale, dal titolo \u201cFuori Confini\u201d, che vede la partecipazione di diversi editori e autori impegnati nel promuovere le produzioni editoriali pi\u00f9 recenti, con l\u2019esplicita missione di diffondere la conoscenza presso il grande pubblico delle peculiarit\u00e0 culturali, storiche, artistiche, linguistiche e letterarie della Sardegna. Com<\/p>\n","protected":false},"excerpt":{"rendered":"<p>Cagliari, 18 Magg 2022 &#8211;\u00a0Dopo due anni di assenza forzata a causa della pandemia da Covid, la Regione Sardegna ritorna con un suo stand istituzionale&#8230;<\/p>\n","protected":false},"author":2,"featured_media":142438,"comment_status":"closed","ping_status":"open","sticky":false,"template":"","format":"standard","meta":[],"categories":[49,52],"tags":[],"_links":{"self":[{"href":"https:\/\/www.cronacaonline.it\/index.php\/wp-json\/wp\/v2\/posts\/221908"}],"collection":[{"href":"https:\/\/www.cronacaonline.it\/index.php\/wp-json\/wp\/v2\/posts"}],"about":[{"href":"https:\/\/www.cronacaonline.it\/index.php\/wp-json\/wp\/v2\/types\/post"}],"author":[{"embeddable":true,"href":"https:\/\/www.cronacaonline.it\/index.php\/wp-json\/wp\/v2\/users\/2"}],"replies":[{"embeddable":true,"href":"https:\/\/www.cronacaonline.it\/index.php\/wp-json\/wp\/v2\/comments?post=221908"}],"version-history":[{"count":1,"href":"https:\/\/www.cronacaonline.it\/index.php\/wp-json\/wp\/v2\/posts\/221908\/revisions"}],"predecessor-version":[{"id":221909,"href":"https:\/\/www.cronacaonline.it\/index.php\/wp-json\/wp\/v2\/posts\/221908\/revisions\/221909"}],"wp:featuredmedia":[{"embeddable":true,"href":"https:\/\/www.cronacaonline.it\/index.php\/wp-json\/wp\/v2\/media\/142438"}],"wp:attachment":[{"href":"https:\/\/www.cronacaonline.it\/index.php\/wp-json\/wp\/v2\/media?parent=221908"}],"wp:term":[{"taxonomy":"category","embeddable":true,"href":"https:\/\/www.cronacaonline.it\/index.php\/wp-json\/wp\/v2\/categories?post=221908"},{"taxonomy":"post_tag","embeddable":true,"href":"https:\/\/www.cronacaonline.it\/index.php\/wp-json\/wp\/v2\/tags?post=221908"}],"curies":[{"name":"wp","href":"https:\/\/api.w.org\/{rel}","templated":true}]}}