{"id":221864,"date":"2022-05-17T17:24:18","date_gmt":"2022-05-17T15:24:18","guid":{"rendered":"https:\/\/www.cronacaonline.it\/?p=221864"},"modified":"2022-05-17T17:24:21","modified_gmt":"2022-05-17T15:24:21","slug":"attentati-ad-alghero-pais-cacciamo-i-criminali-dalla-sardegna","status":"publish","type":"post","link":"https:\/\/www.cronacaonline.it\/index.php\/2022\/05\/17\/attentati-ad-alghero-pais-cacciamo-i-criminali-dalla-sardegna\/","title":{"rendered":"Attentati ad Alghero, Pais: &#8220;cacciamo i criminali dalla Sardegna!&#8221;"},"content":{"rendered":"\n<p>Alghero (SS), 17 Magg 2022 - Quinto atto incendiario ad Alghero nel giro di due settimane, il pensiero del presidente del Consiglio regionale Michele Pais.<br>\"In questi giorni ho avuto modo di confrontarmi con le forze di polizia per rappresentare tutta la preoccupazione che avverto come cittadino, come padre, prima ancora che da rappresentante delle Istituzioni\".<br>\"Gli inquirenti sono alacremente impegnati nelle indagini che mi auguro giungano presto all'obiettivo. Da parte nostra, come cittadini, \u00e8 necessario reagire in maniera decisa perch\u00e9 la nostra societ\u00e0 sia impermeabile a questi fenomeni, che siano frutto di vandalismo o, peggio, di malavita organizzata del tutto estranea alla nostra realt\u00e0\".<br>\"E allora ribadisco: cacciamo i criminali dalla Sardegna, disonore e vergogna per la nostra terra!\".<br>\"Continuo ad insistere sulla mia proposta di realizzazione di un importante impianto di videosorveglianza della citt\u00e0, rispetto al quale la Regione far\u00e0 la sua parte\".<br>\"Solidariet\u00e0 e vicinanza a Luca destinatario di questo ignobile atto da condannare senza alcuna giustificazione e piet\u00e0, quale sia la matrice\".<br>\"Alghero, la Sardegna sono terra di pace e legalit\u00e0!\". Com<\/p>\n","protected":false},"excerpt":{"rendered":"<p>Alghero (SS), 17 Magg 2022 &#8211; Quinto atto incendiario ad Alghero nel giro di due settimane, il pensiero del presidente del Consiglio regionale Michele Pais.&#8221;In&#8230;<\/p>\n","protected":false},"author":2,"featured_media":214245,"comment_status":"closed","ping_status":"open","sticky":false,"template":"","format":"standard","meta":[],"categories":[49,52],"tags":[],"_links":{"self":[{"href":"https:\/\/www.cronacaonline.it\/index.php\/wp-json\/wp\/v2\/posts\/221864"}],"collection":[{"href":"https:\/\/www.cronacaonline.it\/index.php\/wp-json\/wp\/v2\/posts"}],"about":[{"href":"https:\/\/www.cronacaonline.it\/index.php\/wp-json\/wp\/v2\/types\/post"}],"author":[{"embeddable":true,"href":"https:\/\/www.cronacaonline.it\/index.php\/wp-json\/wp\/v2\/users\/2"}],"replies":[{"embeddable":true,"href":"https:\/\/www.cronacaonline.it\/index.php\/wp-json\/wp\/v2\/comments?post=221864"}],"version-history":[{"count":1,"href":"https:\/\/www.cronacaonline.it\/index.php\/wp-json\/wp\/v2\/posts\/221864\/revisions"}],"predecessor-version":[{"id":221865,"href":"https:\/\/www.cronacaonline.it\/index.php\/wp-json\/wp\/v2\/posts\/221864\/revisions\/221865"}],"wp:featuredmedia":[{"embeddable":true,"href":"https:\/\/www.cronacaonline.it\/index.php\/wp-json\/wp\/v2\/media\/214245"}],"wp:attachment":[{"href":"https:\/\/www.cronacaonline.it\/index.php\/wp-json\/wp\/v2\/media?parent=221864"}],"wp:term":[{"taxonomy":"category","embeddable":true,"href":"https:\/\/www.cronacaonline.it\/index.php\/wp-json\/wp\/v2\/categories?post=221864"},{"taxonomy":"post_tag","embeddable":true,"href":"https:\/\/www.cronacaonline.it\/index.php\/wp-json\/wp\/v2\/tags?post=221864"}],"curies":[{"name":"wp","href":"https:\/\/api.w.org\/{rel}","templated":true}]}}