{"id":221846,"date":"2022-05-17T12:43:20","date_gmt":"2022-05-17T10:43:20","guid":{"rendered":"https:\/\/www.cronacaonline.it\/?p=221846"},"modified":"2022-05-17T12:43:22","modified_gmt":"2022-05-17T10:43:22","slug":"porti-primo-incontro-territoriale-sul-piano-regionale-lassessore-salaris-le-nuove-chance-per-creare-sviluppo-arrivano-dalle-coste","status":"publish","type":"post","link":"https:\/\/www.cronacaonline.it\/index.php\/2022\/05\/17\/porti-primo-incontro-territoriale-sul-piano-regionale-lassessore-salaris-le-nuove-chance-per-creare-sviluppo-arrivano-dalle-coste\/","title":{"rendered":"Porti, primo incontro territoriale sul piano regionale. L\u2019assessore Salaris: \u201cle nuove chance per creare sviluppo arrivano dalle coste\u201d."},"content":{"rendered":"\n<p>Cagliari, 17 Magg 2022 -\u00a0Si \u00e8 tenuto questa mattina a Cagliari il primo incontro territoriale sul Piano regionale della rete della portualit\u00e0 turistica a cui hanno preso parte tutti i portatori di interesse pubblici e privati. \u00c8 stata quindi avviata la fase di concertazione, entrata nel vivo con il primo appuntamento sul tratto costiero del Sud Sardegna (da Santa Maria Navarrese ad Arbus), che vede interessati 22 siti portuali. \u201cOggi avviamo il confronto su uno strumento di pianificazione che riteniamo necessario per creare le basi di un nuovo sistema di sviluppo: il potenziamento della rete dei porti della Sardegna rappresenta una opportunit\u00e0 non solo per il settore del turismo diportistico, ma per l\u2019intera Isola\u201d, ha spiegato l\u2019Assessore dei Lavori Pubblici, Aldo Salaris, in apertura dei lavori. \u201cPer cogliere appieno le potenzialit\u00e0 che derivano dalla bellezza della nostra Isola e dalla sua posizione strategica nel Mediterraneo \u2013 ha proseguito l\u2019Assessore - dobbiamo infrastrutturare le nostre coste ma dobbiamo farlo in armonia con l\u2019ambiente e nel rispetto degli spazi dedicati alle imbarcazioni da pesca che rivestono un importante ruolo nell\u2019economia locale dei centri costieri\u201d.<\/p>\n\n\n\n<p>Finalizzato al completamento del circuito di navigazione diportistica intorno all\u2019Isola, il Piano ha come obiettivo quello di costruire un\u2019offerta di qualit\u00e0 che valorizzi la centralit\u00e0 della posizione della Sardegna nel Mediterraneo. Grazie al Piano della portualit\u00e0, i posti barca saranno meglio distribuiti lungo le coste sarde - la Sardegna pu\u00f2 contare su oltre 1800 km di costa - con evidenti riflessi su quelle infrastrutture portuali di ridotte dimensioni che normalmente risultavano tagliate fuori dal circuito della navigazione. Uno degli obiettivi prioritari \u00e8 infatti quello del miglioramento della sicurezza della navigazione, con l\u2019incremento del numero delle strutture portuali per l\u2019offerta di porti rifugio, necessari in caso di improvvise condizioni meteomarine avverse.<\/p>\n\n\n\n<p>Il piano \u00e8 attualmente nella fase di Vas, Valutazione ambientale strategica, necessaria per coniugare le esigenze di tutela ambientale con le politiche di sviluppo legate al Piano. Gli incontri territoriali proseguiranno e toccheranno tutta la Sardegna. Il 24 a Porto Torres si andr\u00e0 a delineare lo sviluppo delle infrastrutture portuali per il tratto di costa Occidentale e Nord Occidentale (da Terralba a Porto Bello di Gallura); il 1 giugno il percorso partecipativo avviato dalla Regione toccher\u00e0 Arzachena per il tratto di costa che va da Santa Teresa di Gallura a Olbia; l\u20198 giugno a San Teodoro per la costa che va da Golfo Aranci a Cala Gonone. Nel corso degli incontri saranno recepite le considerazioni che arriveranno dai portatori di interesse e che porteranno alla proposta del Piano che poi verr\u00e0 portato all\u2019attenzione della Giunta regionale. L\u2019obiettivo, ha spiegato l\u2019Assessore Salaris, \u00e8 arrivare all\u2019approvazione del Piano per marzo 2023. Com<\/p>\n","protected":false},"excerpt":{"rendered":"<p>Cagliari, 17 Magg 2022 &#8211;\u00a0Si \u00e8 tenuto questa mattina a Cagliari il primo incontro territoriale sul Piano regionale della rete della portualit\u00e0 turistica a cui&#8230;<\/p>\n","protected":false},"author":2,"featured_media":221847,"comment_status":"closed","ping_status":"open","sticky":false,"template":"","format":"standard","meta":[],"categories":[49,52],"tags":[],"_links":{"self":[{"href":"https:\/\/www.cronacaonline.it\/index.php\/wp-json\/wp\/v2\/posts\/221846"}],"collection":[{"href":"https:\/\/www.cronacaonline.it\/index.php\/wp-json\/wp\/v2\/posts"}],"about":[{"href":"https:\/\/www.cronacaonline.it\/index.php\/wp-json\/wp\/v2\/types\/post"}],"author":[{"embeddable":true,"href":"https:\/\/www.cronacaonline.it\/index.php\/wp-json\/wp\/v2\/users\/2"}],"replies":[{"embeddable":true,"href":"https:\/\/www.cronacaonline.it\/index.php\/wp-json\/wp\/v2\/comments?post=221846"}],"version-history":[{"count":1,"href":"https:\/\/www.cronacaonline.it\/index.php\/wp-json\/wp\/v2\/posts\/221846\/revisions"}],"predecessor-version":[{"id":221849,"href":"https:\/\/www.cronacaonline.it\/index.php\/wp-json\/wp\/v2\/posts\/221846\/revisions\/221849"}],"wp:featuredmedia":[{"embeddable":true,"href":"https:\/\/www.cronacaonline.it\/index.php\/wp-json\/wp\/v2\/media\/221847"}],"wp:attachment":[{"href":"https:\/\/www.cronacaonline.it\/index.php\/wp-json\/wp\/v2\/media?parent=221846"}],"wp:term":[{"taxonomy":"category","embeddable":true,"href":"https:\/\/www.cronacaonline.it\/index.php\/wp-json\/wp\/v2\/categories?post=221846"},{"taxonomy":"post_tag","embeddable":true,"href":"https:\/\/www.cronacaonline.it\/index.php\/wp-json\/wp\/v2\/tags?post=221846"}],"curies":[{"name":"wp","href":"https:\/\/api.w.org\/{rel}","templated":true}]}}