{"id":221801,"date":"2022-05-16T15:15:11","date_gmt":"2022-05-16T13:15:11","guid":{"rendered":"https:\/\/www.cronacaonline.it\/?p=221801"},"modified":"2022-05-16T15:15:13","modified_gmt":"2022-05-16T13:15:13","slug":"trasporti-inaugurata-linea-marittima-porto-torres-savona-lassessore-todde-sardegna-mercato-appetibile-nuova-rotta-apre-ad-altre-destinazioni","status":"publish","type":"post","link":"https:\/\/www.cronacaonline.it\/index.php\/2022\/05\/16\/trasporti-inaugurata-linea-marittima-porto-torres-savona-lassessore-todde-sardegna-mercato-appetibile-nuova-rotta-apre-ad-altre-destinazioni\/","title":{"rendered":"Trasporti, inaugurata linea marittima Porto Torres-Savona. L\u2019assessore Todde: \u201cSardegna mercato appetibile, nuova rotta apre ad altre destinazioni\u201d."},"content":{"rendered":"\n<p>Cagliari, 16 maggio 2022 \u2013\u00a0\u201cLa Sardegna \u00e8 un mercato appetibile ed \u00e8 un segnale fortemente positivo che un vettore importante come Grimaldi stia investendo con una nuova tratta a libero mercato che aumenta il numero dei collegamenti da e per l\u2019Isola aprendo la strada a nuove destinazioni, come ad esempio la Costa Azzurra\u201d. Lo ha detto l\u2019assessore regionale dei Trasporti, Giorgio Todde, che stamattina ha partecipato all\u2019inaugurazione della nuova linea marittima Porto Torres-Savona della Grimaldi Lines, che sar\u00e0 operata con il traghetto Zeus Palace.<\/p>\n\n\n\n<p>Fino al 1\u00b0 luglio sono previste tre partenze alla settimana (luned\u00ec, mercoled\u00ec e venerd\u00ec da Porto Torres, marted\u00ec, gioved\u00ec e sabato da Savona) che diventeranno sei (tutti i giorni tranne la domenica) fino al 18 settembre per poi tornare a cadenza trisettimanale fino al 31 dicembre.<\/p>\n\n\n\n<p>\u201c\u00c8 una tratta \u2013 ha aggiunto l\u2019esponente della Giunta Sarda \u2013 che sta partendo con il piede giusto, ci sono gi\u00e0 oltre 50mila prenotazioni e si prevedono numeri importanti. Stiamo lavorando per far crescere l\u2019offerta della Sardegna sia a livello di merci che di passeggeri e sappiamo bene che siamo in una posizione strategica e dobbiamo essere bravi sempre di pi\u00f9 a valorizzarla. La Sardegna pu\u00f2 crescere ancora sul fronte dei collegamenti - come dimostrato di recente dalla scelta di due vettori aerei che hanno accettato di viaggiare senza compensazioni per i tre scali aeroportuali - e la Regione continuer\u00e0 a impegnarsi in questa direzione\u201d.&nbsp;Com<\/p>\n","protected":false},"excerpt":{"rendered":"<p>Cagliari, 16 maggio 2022 \u2013\u00a0\u201cLa Sardegna \u00e8 un mercato appetibile ed \u00e8 un segnale fortemente positivo che un vettore importante come Grimaldi stia investendo con&#8230;<\/p>\n","protected":false},"author":2,"featured_media":221802,"comment_status":"closed","ping_status":"open","sticky":false,"template":"","format":"standard","meta":[],"categories":[49,52],"tags":[],"_links":{"self":[{"href":"https:\/\/www.cronacaonline.it\/index.php\/wp-json\/wp\/v2\/posts\/221801"}],"collection":[{"href":"https:\/\/www.cronacaonline.it\/index.php\/wp-json\/wp\/v2\/posts"}],"about":[{"href":"https:\/\/www.cronacaonline.it\/index.php\/wp-json\/wp\/v2\/types\/post"}],"author":[{"embeddable":true,"href":"https:\/\/www.cronacaonline.it\/index.php\/wp-json\/wp\/v2\/users\/2"}],"replies":[{"embeddable":true,"href":"https:\/\/www.cronacaonline.it\/index.php\/wp-json\/wp\/v2\/comments?post=221801"}],"version-history":[{"count":1,"href":"https:\/\/www.cronacaonline.it\/index.php\/wp-json\/wp\/v2\/posts\/221801\/revisions"}],"predecessor-version":[{"id":221804,"href":"https:\/\/www.cronacaonline.it\/index.php\/wp-json\/wp\/v2\/posts\/221801\/revisions\/221804"}],"wp:featuredmedia":[{"embeddable":true,"href":"https:\/\/www.cronacaonline.it\/index.php\/wp-json\/wp\/v2\/media\/221802"}],"wp:attachment":[{"href":"https:\/\/www.cronacaonline.it\/index.php\/wp-json\/wp\/v2\/media?parent=221801"}],"wp:term":[{"taxonomy":"category","embeddable":true,"href":"https:\/\/www.cronacaonline.it\/index.php\/wp-json\/wp\/v2\/categories?post=221801"},{"taxonomy":"post_tag","embeddable":true,"href":"https:\/\/www.cronacaonline.it\/index.php\/wp-json\/wp\/v2\/tags?post=221801"}],"curies":[{"name":"wp","href":"https:\/\/api.w.org\/{rel}","templated":true}]}}