{"id":221799,"date":"2022-05-16T13:11:51","date_gmt":"2022-05-16T11:11:51","guid":{"rendered":"https:\/\/www.cronacaonline.it\/?p=221799"},"modified":"2022-05-16T13:11:53","modified_gmt":"2022-05-16T11:11:53","slug":"consiglio-sardegna-il-calendario-della-settimana-dei-lavori-delle-commissioni","status":"publish","type":"post","link":"https:\/\/www.cronacaonline.it\/index.php\/2022\/05\/16\/consiglio-sardegna-il-calendario-della-settimana-dei-lavori-delle-commissioni\/","title":{"rendered":"Consiglio Sardegna &#8211; il calendario della settimana dei lavori delle Commissioni."},"content":{"rendered":"\n<p>Cagliari, 16 maggio 2022 \u2013 L\u2019attivit\u00e0 delle commissioni consiliari permanenti riprender\u00e0 domani (marted\u00ec 17) con la commissione Sanit\u00e0, presieduta da Antonio Mario Mundula (Fdi), nella quale sono in programma due audizioni. L\u2019assessore della Pubblica istruzione e sport Andrea Biancareddu illustrer\u00e0 i contenuti del programma di sostegno allo sport regionale mentre l\u2019assessore della Sanit\u00e0 Mario Nieddu riferir\u00e0 sugli indirizzi per i piani aziendali di Asl, Ares, Areus ed Aou.<\/p>\n\n\n\n<p>Sempre per marted\u00ec alle 10.00 seduta della commissione Cultura presieduta da Francesco Stara (Udc-Cambiamo). In discussione il Testo unificato sull\u2019uso e la diffusione della Lingua dei segni (ordinaria e tattile) ed il superamento della barriere nella comunicazione. Sul disegno di legge riferiranno per le parti competenza gli assessori Andrea Biancareddu e Mario Nieddu.<\/p>\n\n\n\n<p>Per gioved\u00ec 19 alle 10.00 \u00e8 stata poi convocata la commissione Governo del territorio presieduta da Giuseppe Talanas (Forza Italia) per l\u2019esame del Testo unificato riguardante la nuova disciplina delle assegnazioni e della gestione degli alloggi di edilizia residenziale pubblica. I lavori proseguiranno anche di pomeriggio a partire dalle 15.30.<\/p>\n\n\n\n<p>Ancora gioved\u00ec alle 10.30 si riunir\u00e0 la commissione Attivit\u00e0 produttive presieduta da Piero Maieli (Psd\u2019Az). Interverranno in audizione gli assessori dell\u2019Agricoltura Gabriella Murgia per illustrare gli interventi della Regione (2 milioni di euro) a favore delle aziende agricole colpite dall\u2019invasione delle cavallette nel 2021 e le disposizioni riguardanti il procedimento per la dimostrazione del mantenimento dei pascoli, attraverso la domanda unica per il 2021.<\/p>\n\n\n\n<p>Successivamente, l\u2019assessore dell\u2019Industria Anita Pili riferir\u00e0 sul Testo unico in materia di energia.<\/p>\n\n\n\n<p>Confcommercio Sardegna, infine, presenter\u00e0 una sua proposta per la valorizzazione dei \u201cRistoranti tipici\u201d e dei \u201cNegozi storici\u201d della Sardegna.<\/p>\n\n\n\n<p>Se necessario, i lavori proseguiranno nel pomeriggio alle 16.00. Com<\/p>\n","protected":false},"excerpt":{"rendered":"<p>Cagliari, 16 maggio 2022 \u2013 L\u2019attivit\u00e0 delle commissioni consiliari permanenti riprender\u00e0 domani (marted\u00ec 17) con la commissione Sanit\u00e0, presieduta da Antonio Mario Mundula (Fdi), nella&#8230;<\/p>\n","protected":false},"author":2,"featured_media":192512,"comment_status":"closed","ping_status":"open","sticky":false,"template":"","format":"standard","meta":[],"categories":[49,52],"tags":[],"_links":{"self":[{"href":"https:\/\/www.cronacaonline.it\/index.php\/wp-json\/wp\/v2\/posts\/221799"}],"collection":[{"href":"https:\/\/www.cronacaonline.it\/index.php\/wp-json\/wp\/v2\/posts"}],"about":[{"href":"https:\/\/www.cronacaonline.it\/index.php\/wp-json\/wp\/v2\/types\/post"}],"author":[{"embeddable":true,"href":"https:\/\/www.cronacaonline.it\/index.php\/wp-json\/wp\/v2\/users\/2"}],"replies":[{"embeddable":true,"href":"https:\/\/www.cronacaonline.it\/index.php\/wp-json\/wp\/v2\/comments?post=221799"}],"version-history":[{"count":1,"href":"https:\/\/www.cronacaonline.it\/index.php\/wp-json\/wp\/v2\/posts\/221799\/revisions"}],"predecessor-version":[{"id":221800,"href":"https:\/\/www.cronacaonline.it\/index.php\/wp-json\/wp\/v2\/posts\/221799\/revisions\/221800"}],"wp:featuredmedia":[{"embeddable":true,"href":"https:\/\/www.cronacaonline.it\/index.php\/wp-json\/wp\/v2\/media\/192512"}],"wp:attachment":[{"href":"https:\/\/www.cronacaonline.it\/index.php\/wp-json\/wp\/v2\/media?parent=221799"}],"wp:term":[{"taxonomy":"category","embeddable":true,"href":"https:\/\/www.cronacaonline.it\/index.php\/wp-json\/wp\/v2\/categories?post=221799"},{"taxonomy":"post_tag","embeddable":true,"href":"https:\/\/www.cronacaonline.it\/index.php\/wp-json\/wp\/v2\/tags?post=221799"}],"curies":[{"name":"wp","href":"https:\/\/api.w.org\/{rel}","templated":true}]}}